{"id":42160,"date":"2024-03-24T00:53:48","date_gmt":"2024-03-24T00:53:48","guid":{"rendered":"https:\/\/armstrongyregion.com.ar\/diario\/?p=42160"},"modified":"2024-03-24T01:50:25","modified_gmt":"2024-03-24T01:50:25","slug":"pullaro-a-las-victimas-de-violencia-de-genero-les-vamos-a-dar-herramientas-para-que-logren-su-autonomia-economica","status":"publish","type":"post","link":"https:\/\/armstrongyregion.com.ar\/diario\/pullaro-a-las-victimas-de-violencia-de-genero-les-vamos-a-dar-herramientas-para-que-logren-su-autonomia-economica\/","title":{"rendered":"Pullaro: \u201cA las v\u00edctimas de violencia de g\u00e9nero les vamos a dar herramientas para que logren su autonom\u00eda econ\u00f3mica\u201d"},"content":{"rendered":"\n<figure class=\"wp-block-image size-full\"><a href=\"http:\/\/armstrongyregion.com.ar\/diario\/wp-content\/uploads\/2024\/03\/Pullaro-genero-clara-.jpg\"><img loading=\"lazy\" decoding=\"async\" width=\"570\" height=\"320\" src=\"http:\/\/armstrongyregion.com.ar\/diario\/wp-content\/uploads\/2024\/03\/Pullaro-genero-clara-.jpg\" alt=\"\" class=\"wp-image-42161\" srcset=\"https:\/\/armstrongyregion.com.ar\/diario\/wp-content\/uploads\/2024\/03\/Pullaro-genero-clara-.jpg 570w, https:\/\/armstrongyregion.com.ar\/diario\/wp-content\/uploads\/2024\/03\/Pullaro-genero-clara--300x168.jpg 300w\" sizes=\"auto, (max-width: 570px) 100vw, 570px\" \/><\/a><\/figure>\n\n\n\n<h2 class=\"wp-block-heading\">El Gobernador particip\u00f3 de la presentaci\u00f3n del programa \u201cNuevos comienzos\u201d, cuyo objetivo es acompa\u00f1ar a mujeres y disidencias, v\u00edctimas de violencia de g\u00e9nero a trav\u00e9s del financiamiento, capacitaci\u00f3n y asistencia t\u00e9cnica para el desarrollo de emprendimientos.<\/h2>\n\n\n\n<figure class=\"wp-block-embed is-type-video is-provider-youtube wp-block-embed-youtube wp-embed-aspect-16-9 wp-has-aspect-ratio\"><div class=\"wp-block-embed__wrapper\">\n<iframe loading=\"lazy\" title=\"Pullaro: &quot;A las v\u00edctimas de violencia de g\u00e9nero les vamos a brindar...&quot; Lic. Graciela De la Casa\" width=\"800\" height=\"450\" src=\"https:\/\/www.youtube.com\/embed\/QaIMEGV-ax4?feature=oembed\" frameborder=\"0\" allow=\"accelerometer; autoplay; clipboard-write; encrypted-media; gyroscope; picture-in-picture; web-share\" allowfullscreen><\/iframe>\n<\/div><\/figure>\n\n\n\n<p>El gobernador Maximiliano Pullaro y la ministra de Igualdad y Desarrollo Humano, Mar\u00eda Victoria Tejeda, presentaron el programa \u201cNuevos comienzos: Construyendo Autonom\u00eda Econ\u00f3mica para la Igualdad de Mujeres y Disidencias\u201d. El objetivo es acompa\u00f1ar a mujeres y disidencias v\u00edctimas de violencia de g\u00e9nero, para lograr la autonom\u00eda econ\u00f3mica, proporcionando financiamiento, capacitaci\u00f3n y asistencia t\u00e9cnica que permitan el desarrollo sustentable de los emprendimientos en sus distintas etapas: gesti\u00f3n, producci\u00f3n y comercializaci\u00f3n.<\/p>\n\n\n\n<p>Durante la presentaci\u00f3n, realizada en el Sal\u00f3n Blanco de la sede del Gobierno Provincial en Rosario, el Gobernador agradeci\u00f3 \u201ca las valientes mujeres\u201d que lo acompa\u00f1aron, \u201cque presentan esta pol\u00edtica p\u00fablica que realmente es trascendente\u201d.<\/p>\n\n\n\n<p>Pullaro record\u00f3 que hoy las mujeres logrado hacer visibles sus demandas, y esto fue producto de la lucha. \u201cEsto, que hoy parece com\u00fan, se ha ido materializando a lo largo del tiempo con reivindicaciones, con igualdad de derechos de las mujeres y de las disidencias, y tiene que ser enmarcado en pol\u00edticas p\u00fablicas de mediano y largo plazo. Tienen que tener un presupuesto que nos permita ejecutarlas y llevarlas adelante\u201d.<\/p>\n\n\n\n<p>Sobre el final, remarc\u00f3 la importancia de financiar iniciativas de v\u00edctimas de violencia de g\u00e9nero: \u201cLa autonom\u00eda econ\u00f3mica es fundamental. El Estado tiene que apoyar con recursos para capacitar, para permitir a muchas mujeres valientes salir adelante en momentos dif\u00edciles. Porque si no tienen autonom\u00eda econ\u00f3mica terminan presas de situaciones de violencia. Para evitarlo, el Estado de la Provincia de Santa Fe va a estar presente\u201d.<\/p>\n\n\n\n<figure class=\"wp-block-image\"><img decoding=\"async\" src=\"https:\/\/ci3.googleusercontent.com\/meips\/ADKq_Na3eZ4QmKR3Irc-wOC9CSqbfytv4CadDu-JG9vCNTI82dgIk0ZoDBgIiX8wjPR4WygH-Lwf6jkNi5kwbzW_zfQpdxBjZcZuZL4IBE9gI_WKSmfX56njNaf-M2FF70fv0iWCSxPGx58w-smwwQk=s0-d-e1-ft#https:\/\/www.santafe.gob.ar\/noticias\/recursos\/fotos\/2024\/03\/2024-03-22NID_279950O_2.jpeg\" alt=\"\"\/><\/figure>\n\n\n\n<p><strong>Pol\u00edticas p\u00fablicas<\/strong><\/p>\n\n\n\n<p>La ministra Victoria Tejeda destac\u00f3 \u201cla cantidad de personas que nos est\u00e1n acompa\u00f1ando. Porque en el contexto social y econ\u00f3mico que estamos viviendo en nuestro pa\u00eds, cuando hablamos de derechos, y sobre todo cuando hablamos de los derechos de las mujeres y disidencias, estamos quedando fuera de las pol\u00edticas p\u00fablicas. Y en este caso, el Gobierno de la Provincia de Santa Fe dice presente y lo va a seguir diciendo\u201d, remarc\u00f3.<\/p>\n\n\n\n<p>Por otro lado, la secretaria de Mujeres, G\u00e9nero y Diversidad, Alicia Tate, indic\u00f3 que el lema de ONU Mujeres 2024 es \u201cfinanciar a las mujeres es acelerar la igualdad\u201d y que \u201cse necesitar\u00edan m\u00e1s de 300 a\u00f1os para lograr la igualdad entre varones y mujeres. A su vez, hay un desfinanciamiento global de los programas destinados a las mujeres\u201d. \u201cEsta iniciativa tiene que ver con ese financiamiento que necesitan las mujeres para lograr la igualdad\u201d, dijo Tate y remarc\u00f3 que la Provincia ha decidido \u201cmantener el presupuesto previsto para todos aquellos programas que est\u00e1n destinados a proteger a las mujeres v\u00edctimas de violencia, a promover los derechos, a promover las \u00e1reas de g\u00e9nero en municipios y comunas, a promover a las organizaciones que ayudan al Estado a lograr esa igualdad\u201d.<\/p>\n\n\n\n<p>En el mismo sentido, la directora Provincial de Econom\u00eda Social, Celeste Ruiz D\u00edaz, remarc\u00f3 las estad\u00edsticas que indica que \u201cuna mujer muere cada 29 horas en la Rep\u00fablica Argentina\u201d. \u201cNo podemos escapar a la realidad social que atraviesa la provincia de Santa Fe donde estos \u00edndices crecen como producto de todas las mafias y el narcotr\u00e1fico de la que somos v\u00edctima los santafesinos. Por eso, presentamos una pol\u00edtica p\u00fablica que se suma a la lucha contra las mafias y el narcotr\u00e1fico que est\u00e1 llevando adelante nuestro gobernador\u201d, dijo.<\/p>\n\n\n\n<p>Finalmente, la presidenta de la C\u00e1mara de Diputados de la provincia, Clara Garc\u00eda, manifest\u00f3: \u201cEste programa tiene tres componentes muy distintivos del gobierno de Maximiliano Pullaro. El primero es el territorio: est\u00e1n aqu\u00ed los intendentes y presidentes comunales y las organizaciones que est\u00e1n junto a la gente. El segundo es pensar en mujeres y disidencias, en un momento donde los derechos parecen no tener el lugar preponderante que merecen. Hoy tenemos que estar alerta para no perder nada de lo que se ha ganado. El tercero es que tenga financiamiento, porque nada en un gobierno tiene sentido sin presupuesto\u201d.<\/p>\n\n\n\n<p><strong>C\u00f3mo acceder al programa<\/strong><\/p>\n\n\n\n<p>El acceso al programa se logra a trav\u00e9s de municipios y comunas, que se encuentran en el primer nivel de intervenci\u00f3n ante casos de violencia de g\u00e9nero. Asimismo, las interesadas pueden contactarse directamente con la Secretaria de Mujeres, G\u00e9nero y Diversidad, donde ser\u00e1n correctamente asesoradas sobre los alcances del mismo.<\/p>\n\n\n\n<p>En la ciudad de Santa Fe, la Secretar\u00eda se encuentra en Corrientes 2879, tel\u00e9fono 0342 &#8211; 4815818 \/19 \/20; mientras que, en Rosario, est\u00e1 ubicada en Santa Fe 1950- Planta baja, tel\u00e9fono 0341 &#8211; 0341 4772575 \/ 57.<\/p>\n","protected":false},"excerpt":{"rendered":"<p>Pullaro: \u201cA las v\u00edctimas de violencia de g\u00e9nero les vamos a dar herramientas para que logren su autonom\u00eda econ\u00f3mica\u201d<\/p>\n","protected":false},"author":1,"featured_media":42161,"comment_status":"open","ping_status":"open","sticky":false,"template":"","format":"image","meta":{"_jetpack_memberships_contains_paid_content":false,"footnotes":"","jetpack_publicize_message":"","jetpack_publicize_feature_enabled":true,"jetpack_social_post_already_shared":true,"jetpack_social_options":{"image_generator_settings":{"template":"highway","default_image_id":0,"enabled":false},"version":2}},"categories":[8,1,2,7,3],"tags":[10435,19,4608,9924,10436,10432,3306,3732,8777,10434,81,2846,10431],"class_list":["post-42160","post","type-post","status-publish","format-image","has-post-thumbnail","hentry","category-deliberando","category-diario-armstrong","category-locales","category-politica","category-region","tag-autonomia","tag-de","tag-diario-armstrong-y-region","tag-diario-armstrong-y-region-2","tag-economica-2","tag-genero-3","tag-herramientas","tag-les","tag-lic-graciela-de-la-casa","tag-lograr","tag-para","tag-pullaro","tag-victima-2","post_format-post-format-image"],"jetpack_publicize_connections":[],"jetpack_featured_media_url":"https:\/\/armstrongyregion.com.ar\/diario\/wp-content\/uploads\/2024\/03\/Pullaro-genero-clara-.jpg","jetpack_shortlink":"https:\/\/wp.me\/p62QDO-aY0","jetpack_sharing_enabled":true,"amp_enabled":true,"_links":{"self":[{"href":"https:\/\/armstrongyregion.com.ar\/diario\/wp-json\/wp\/v2\/posts\/42160","targetHints":{"allow":["GET"]}}],"collection":[{"href":"https:\/\/armstrongyregion.com.ar\/diario\/wp-json\/wp\/v2\/posts"}],"about":[{"href":"https:\/\/armstrongyregion.com.ar\/diario\/wp-json\/wp\/v2\/types\/post"}],"author":[{"embeddable":true,"href":"https:\/\/armstrongyregion.com.ar\/diario\/wp-json\/wp\/v2\/users\/1"}],"replies":[{"embeddable":true,"href":"https:\/\/armstrongyregion.com.ar\/diario\/wp-json\/wp\/v2\/comments?post=42160"}],"version-history":[{"count":2,"href":"https:\/\/armstrongyregion.com.ar\/diario\/wp-json\/wp\/v2\/posts\/42160\/revisions"}],"predecessor-version":[{"id":42164,"href":"https:\/\/armstrongyregion.com.ar\/diario\/wp-json\/wp\/v2\/posts\/42160\/revisions\/42164"}],"wp:featuredmedia":[{"embeddable":true,"href":"https:\/\/armstrongyregion.com.ar\/diario\/wp-json\/wp\/v2\/media\/42161"}],"wp:attachment":[{"href":"https:\/\/armstrongyregion.com.ar\/diario\/wp-json\/wp\/v2\/media?parent=42160"}],"wp:term":[{"taxonomy":"category","embeddable":true,"href":"https:\/\/armstrongyregion.com.ar\/diario\/wp-json\/wp\/v2\/categories?post=42160"},{"taxonomy":"post_tag","embeddable":true,"href":"https:\/\/armstrongyregion.com.ar\/diario\/wp-json\/wp\/v2\/tags?post=42160"}],"curies":[{"name":"wp","href":"https:\/\/api.w.org\/{rel}","templated":true}]}}