{"id":42154,"date":"2024-03-22T01:54:29","date_gmt":"2024-03-22T01:54:29","guid":{"rendered":"https:\/\/armstrongyregion.com.ar\/diario\/?p=42154"},"modified":"2024-03-22T01:54:32","modified_gmt":"2024-03-22T01:54:32","slug":"armstrong-conmemoracion-del-24-de-marzo","status":"publish","type":"post","link":"https:\/\/armstrongyregion.com.ar\/diario\/armstrong-conmemoracion-del-24-de-marzo\/","title":{"rendered":"Armstrong. Conmemoraci\u00f3n del 24 de marzo."},"content":{"rendered":"\n<figure class=\"wp-block-image size-full\"><a href=\"http:\/\/armstrongyregion.com.ar\/diario\/wp-content\/uploads\/2024\/03\/memoria-verdad-justicia-.jpg\"><img loading=\"lazy\" decoding=\"async\" width=\"640\" height=\"640\" src=\"http:\/\/armstrongyregion.com.ar\/diario\/wp-content\/uploads\/2024\/03\/memoria-verdad-justicia-.jpg\" alt=\"\" class=\"wp-image-42155\" srcset=\"https:\/\/armstrongyregion.com.ar\/diario\/wp-content\/uploads\/2024\/03\/memoria-verdad-justicia-.jpg 640w, https:\/\/armstrongyregion.com.ar\/diario\/wp-content\/uploads\/2024\/03\/memoria-verdad-justicia--300x300.jpg 300w, https:\/\/armstrongyregion.com.ar\/diario\/wp-content\/uploads\/2024\/03\/memoria-verdad-justicia--150x150.jpg 150w\" sizes=\"auto, (max-width: 640px) 100vw, 640px\" \/><\/a><\/figure>\n\n\n\n<p>La Municipalidad de Armstrong invita al espect\u00e1culo musical y cultural interpretado por el Universo<br>Conservatorio que se ofrecer\u00e1 el domingo 24 de marzo a las 20 hs. en la sala Iris Marga con motivo<br>de la conmemoraci\u00f3n del d\u00eda de la Memoria por la Verdad y la Justicia.<br>Los 60 integrantes del Conservatorio Municipal de M\u00fasica dirigidos por el Maestro Cristian Gualtieri,<br>nos propondr\u00e1n hacer un recorrido apasionante por la historia del rock nacional en canciones, desde<br>la creaci\u00f3n de \u201cLa Balsa\u201d compuesta en 1967, hasta temas musicales ic\u00f3nicos del a\u00f1o 2000.<br>La invitaci\u00f3n est\u00e1 dirigida a todo p\u00fablico para conmemorar este d\u00eda de la memoria por la verdad y la<br>justicia, un ejercicio en relaci\u00f3n a la \u00faltima dictadura militar, y para continuar transitando la<br>democracia que defendemos y reafirmamos, valorando a los ciudadanos con sus derechos y<br>deberes.<br>La entrada es libre y gratuita.<\/p>\n","protected":false},"excerpt":{"rendered":"<p>Armstrong. Conmemoraci\u00f3n del 24 de marzo.<\/p>\n","protected":false},"author":1,"featured_media":42155,"comment_status":"open","ping_status":"open","sticky":false,"template":"","format":"image","meta":{"_jetpack_memberships_contains_paid_content":false,"footnotes":"","jetpack_publicize_message":"","jetpack_publicize_feature_enabled":true,"jetpack_social_post_already_shared":true,"jetpack_social_options":{"image_generator_settings":{"template":"highway","default_image_id":0,"enabled":false},"version":2}},"categories":[8,1,2,7,3],"tags":[10428,20,9071,4608,452,8777,9109,9110],"class_list":["post-42154","post","type-post","status-publish","format-image","has-post-thumbnail","hentry","category-deliberando","category-diario-armstrong","category-locales","category-politica","category-region","tag-24-de-marzo","tag-armstrong","tag-conmemoracion","tag-diario-armstrong-y-region","tag-justicia","tag-lic-graciela-de-la-casa","tag-memoria-2","tag-verdad-2","post_format-post-format-image"],"jetpack_publicize_connections":[],"jetpack_featured_media_url":"https:\/\/armstrongyregion.com.ar\/diario\/wp-content\/uploads\/2024\/03\/memoria-verdad-justicia-.jpg","jetpack_shortlink":"https:\/\/wp.me\/p62QDO-aXU","jetpack_sharing_enabled":true,"amp_enabled":true,"_links":{"self":[{"href":"https:\/\/armstrongyregion.com.ar\/diario\/wp-json\/wp\/v2\/posts\/42154","targetHints":{"allow":["GET"]}}],"collection":[{"href":"https:\/\/armstrongyregion.com.ar\/diario\/wp-json\/wp\/v2\/posts"}],"about":[{"href":"https:\/\/armstrongyregion.com.ar\/diario\/wp-json\/wp\/v2\/types\/post"}],"author":[{"embeddable":true,"href":"https:\/\/armstrongyregion.com.ar\/diario\/wp-json\/wp\/v2\/users\/1"}],"replies":[{"embeddable":true,"href":"https:\/\/armstrongyregion.com.ar\/diario\/wp-json\/wp\/v2\/comments?post=42154"}],"version-history":[{"count":1,"href":"https:\/\/armstrongyregion.com.ar\/diario\/wp-json\/wp\/v2\/posts\/42154\/revisions"}],"predecessor-version":[{"id":42156,"href":"https:\/\/armstrongyregion.com.ar\/diario\/wp-json\/wp\/v2\/posts\/42154\/revisions\/42156"}],"wp:featuredmedia":[{"embeddable":true,"href":"https:\/\/armstrongyregion.com.ar\/diario\/wp-json\/wp\/v2\/media\/42155"}],"wp:attachment":[{"href":"https:\/\/armstrongyregion.com.ar\/diario\/wp-json\/wp\/v2\/media?parent=42154"}],"wp:term":[{"taxonomy":"category","embeddable":true,"href":"https:\/\/armstrongyregion.com.ar\/diario\/wp-json\/wp\/v2\/categories?post=42154"},{"taxonomy":"post_tag","embeddable":true,"href":"https:\/\/armstrongyregion.com.ar\/diario\/wp-json\/wp\/v2\/tags?post=42154"}],"curies":[{"name":"wp","href":"https:\/\/api.w.org\/{rel}","templated":true}]}}