{"id":42138,"date":"2024-03-21T02:38:59","date_gmt":"2024-03-21T02:38:59","guid":{"rendered":"https:\/\/armstrongyregion.com.ar\/diario\/?p=42138"},"modified":"2024-03-21T03:13:13","modified_gmt":"2024-03-21T03:13:13","slug":"gramigna-la-fumigacion-es-una-cuestion-de-salud-publica-y-es-un-deber-nuestro-tener-que-velar-por-ella","status":"publish","type":"post","link":"https:\/\/armstrongyregion.com.ar\/diario\/gramigna-la-fumigacion-es-una-cuestion-de-salud-publica-y-es-un-deber-nuestro-tener-que-velar-por-ella\/","title":{"rendered":"Gramigna: \u201cLa fumigaci\u00f3n es una cuesti\u00f3n de salud p\u00fablica y es un deber nuestro tener que velar por ella\u201d"},"content":{"rendered":"\n<figure class=\"wp-block-image size-full\"><a href=\"http:\/\/armstrongyregion.com.ar\/diario\/wp-content\/uploads\/2024\/03\/EMI-GRAMIGNA-24-.jpg\"><img loading=\"lazy\" decoding=\"async\" width=\"756\" height=\"837\" src=\"http:\/\/armstrongyregion.com.ar\/diario\/wp-content\/uploads\/2024\/03\/EMI-GRAMIGNA-24-.jpg\" alt=\"\" class=\"wp-image-42139\" srcset=\"https:\/\/armstrongyregion.com.ar\/diario\/wp-content\/uploads\/2024\/03\/EMI-GRAMIGNA-24-.jpg 756w, https:\/\/armstrongyregion.com.ar\/diario\/wp-content\/uploads\/2024\/03\/EMI-GRAMIGNA-24--271x300.jpg 271w\" sizes=\"auto, (max-width: 756px) 100vw, 756px\" \/><\/a><\/figure>\n\n\n\n<p>Al t\u00e9rmino de la sesi\u00f3n ordinaria, el concejal Emiliano Gramigna, en di\u00e1logo con nuestro medio habl\u00f3 sobre la petici\u00f3n de su bloque. \u201cA ra\u00edz de una nota que se present\u00f3 aqu\u00ed en el concejo manifestando la preocupaci\u00f3n de los vecinos por la fumigaci\u00f3n en  Plaza San Mart\u00edn, por el secado de malezas; solicitamos al ejecutivo un pedido de informe para obtener explicaci\u00f3n oficial, poder evaluar como es la situaci\u00f3n y ver como esta trabajando el municipio en el tema del desmalezamiento en la ciudad; sobre todo teniendo en cuenta que la utilizaci\u00f3n de fitosanitarios en el ejido urbano esta prohibido ya que este mismo concejo a trav\u00e9s de una ley lo dej\u00f3 asentado\u201d.<\/p>\n\n\n\n<p>El edil a\u00f1adi\u00f3: \u201cSolicitamos tener la informaci\u00f3n para poder llevarle o no las respuestas a los vecinos quienes nos hicieron las consultas y reclamos, ellos quieren interiorizarse de como es esta situaci\u00f3n\u00bb.<\/p>\n\n\n\n<p>\u201cPorque esta es una cuesti\u00f3n de salud p\u00fablica y es un deber nuestro tener que velar por ella\u201d. Finaliz\u00f3 el referente de Renovaci\u00f3n por Armstrong.<\/p>\n","protected":false},"excerpt":{"rendered":"<p>Gramigna: \u201cLa fumigaci\u00f3n es una cuesti\u00f3n de salud p\u00fablica y es un deber nuestro tener que velar por ella\u201d<\/p>\n","protected":false},"author":1,"featured_media":42139,"comment_status":"open","ping_status":"open","sticky":false,"template":"","format":"image","meta":{"_jetpack_memberships_contains_paid_content":false,"footnotes":"","jetpack_publicize_message":"","jetpack_publicize_feature_enabled":true,"jetpack_social_post_already_shared":true,"jetpack_social_options":{"image_generator_settings":{"template":"highway","default_image_id":0,"enabled":false},"version":2}},"categories":[8,1,2,7,3],"tags":[10422,4582,4608,10425,139,979,31,8777,1755,108,103,10424,13],"class_list":["post-42138","post","type-post","status-publish","format-image","has-post-thumbnail","hentry","category-deliberando","category-diario-armstrong","category-locales","category-politica","category-region","tag-cuestion","tag-deber","tag-diario-armstrong-y-region","tag-ella","tag-es","tag-gramigna","tag-la","tag-lic-graciela-de-la-casa","tag-nuestro","tag-que","tag-una","tag-velar","tag-y","post_format-post-format-image"],"jetpack_publicize_connections":[],"jetpack_featured_media_url":"https:\/\/armstrongyregion.com.ar\/diario\/wp-content\/uploads\/2024\/03\/EMI-GRAMIGNA-24-.jpg","jetpack_shortlink":"https:\/\/wp.me\/p62QDO-aXE","jetpack_sharing_enabled":true,"amp_enabled":true,"_links":{"self":[{"href":"https:\/\/armstrongyregion.com.ar\/diario\/wp-json\/wp\/v2\/posts\/42138","targetHints":{"allow":["GET"]}}],"collection":[{"href":"https:\/\/armstrongyregion.com.ar\/diario\/wp-json\/wp\/v2\/posts"}],"about":[{"href":"https:\/\/armstrongyregion.com.ar\/diario\/wp-json\/wp\/v2\/types\/post"}],"author":[{"embeddable":true,"href":"https:\/\/armstrongyregion.com.ar\/diario\/wp-json\/wp\/v2\/users\/1"}],"replies":[{"embeddable":true,"href":"https:\/\/armstrongyregion.com.ar\/diario\/wp-json\/wp\/v2\/comments?post=42138"}],"version-history":[{"count":4,"href":"https:\/\/armstrongyregion.com.ar\/diario\/wp-json\/wp\/v2\/posts\/42138\/revisions"}],"predecessor-version":[{"id":42145,"href":"https:\/\/armstrongyregion.com.ar\/diario\/wp-json\/wp\/v2\/posts\/42138\/revisions\/42145"}],"wp:featuredmedia":[{"embeddable":true,"href":"https:\/\/armstrongyregion.com.ar\/diario\/wp-json\/wp\/v2\/media\/42139"}],"wp:attachment":[{"href":"https:\/\/armstrongyregion.com.ar\/diario\/wp-json\/wp\/v2\/media?parent=42138"}],"wp:term":[{"taxonomy":"category","embeddable":true,"href":"https:\/\/armstrongyregion.com.ar\/diario\/wp-json\/wp\/v2\/categories?post=42138"},{"taxonomy":"post_tag","embeddable":true,"href":"https:\/\/armstrongyregion.com.ar\/diario\/wp-json\/wp\/v2\/tags?post=42138"}],"curies":[{"name":"wp","href":"https:\/\/api.w.org\/{rel}","templated":true}]}}