{"id":42118,"date":"2024-03-20T13:53:15","date_gmt":"2024-03-20T13:53:15","guid":{"rendered":"https:\/\/armstrongyregion.com.ar\/diario\/?p=42118"},"modified":"2024-03-20T13:53:18","modified_gmt":"2024-03-20T13:53:18","slug":"mirabella-proyecto-de-ley-violacion-de-seguridad-en-las-carceles","status":"publish","type":"post","link":"https:\/\/armstrongyregion.com.ar\/diario\/mirabella-proyecto-de-ley-violacion-de-seguridad-en-las-carceles\/","title":{"rendered":"Mirabella: Proyecto de Ley \u201cViolaci\u00f3n de Seguridad en las C\u00e1rceles\u201d"},"content":{"rendered":"\n<figure class=\"wp-block-image size-full\"><a href=\"http:\/\/armstrongyregion.com.ar\/diario\/wp-content\/uploads\/2024\/03\/Mirabella-.jpg\"><img loading=\"lazy\" decoding=\"async\" width=\"800\" height=\"514\" src=\"http:\/\/armstrongyregion.com.ar\/diario\/wp-content\/uploads\/2024\/03\/Mirabella-.jpg\" alt=\"\" class=\"wp-image-42119\" srcset=\"https:\/\/armstrongyregion.com.ar\/diario\/wp-content\/uploads\/2024\/03\/Mirabella-.jpg 800w, https:\/\/armstrongyregion.com.ar\/diario\/wp-content\/uploads\/2024\/03\/Mirabella--300x193.jpg 300w, https:\/\/armstrongyregion.com.ar\/diario\/wp-content\/uploads\/2024\/03\/Mirabella--768x493.jpg 768w\" sizes=\"auto, (max-width: 800px) 100vw, 800px\" \/><\/a><\/figure>\n\n\n\n<p>El Diputado Nacional por Santa Fe, Roberto Mirabella, en conjunto al Diputado Nacional por<br>Buenos Aires, Ramiro Guti\u00e9rrez presentaron proyecto de Ley que busca penalizar a quienes<br>introduzcan aparatos tecnol\u00f3gicos y armas en las c\u00e1rceles<\/p>\n\n\n\n<p>Mirabella resalt\u00f3 \u201cResulta imperativo abordar de manera integral y urgente la problem\u00e1tica<br>relacionada con la introducci\u00f3n de objetos, dispositivos, armas y sustancias peligrosas en los<br>establecimientos penitenciarios\u201d \u201cHasta ahora la introducci\u00f3n o tenencia de art\u00edculos no<br>permitidos o prohibidos dentro de las c\u00e1rceles constituye una simple falta administrativa para<br>los funcionarios y una p\u00e9rdida de beneficios a los que pueden acceder los privados de libertad\u201d<br>a\u00f1adi\u00f3 el Diputado Nacional.<\/p>\n\n\n\n<p>El proyecto tiene como objetivo tipificar en el C\u00f3digo Penal el delito de introducir elementos<br>prohibidos en las c\u00e1rceles, como ser tel\u00e9fonos celulares, tarjetas SIM, o cualquier otro<br>artefacto tecnol\u00f3gico, as\u00ed como tambi\u00e9n cualquier elemento, sustancia t\u00f3xica, explosivo, arma<br>o todo instrumento capaz de atentar contra la seguridad y la vida.<\/p>\n\n\n\n<p>Mirabella detall\u00f3 \u201cLa pena ser\u00e1 de 1 a 3 a\u00f1os para quien ingrese o intente ingresar al<br>establecimiento penitenciario cualquier elemento sin autorizaci\u00f3n y se elevar\u00e1 hasta 4 a\u00f1os,<br>con inhabilitaci\u00f3n por el doble de tiempo, si la conducta es ejercida por un abogado,<br>procurador o funcionario p\u00fablico\u201d. Adem\u00e1s, agreg\u00f3 \u201cLa tenencia y uso no autorizado de<br>cualquiera de dichos elementos por el interno o detenido ser\u00e1 reprimida con prisi\u00f3n de 2 a 5<br>a\u00f1os\u201d.<\/p>\n\n\n\n<p>Por \u00faltimo, el Diputado santafesino concluy\u00f3 \u201cComo legisladores, debemos actuar con<br>determinaci\u00f3n y firmeza para abordar esta situaci\u00f3n, promulgando una reforma que<br>establezca sanciones duras para los responsables de este tipo de delitos y fortalezca los<br>mecanismos de prevenci\u00f3n y control en el sistema penitenciario.\u201d \u201cSolo de esta manera<br>podremos garantizar la seguridad y la justicia en nuestra sociedad\u201d finaliz\u00f3.<\/p>\n","protected":false},"excerpt":{"rendered":"<p>Mirabella: Proyecto de Ley \u201cViolaci\u00f3n de Seguridad en las C\u00e1rceles\u201d<\/p>\n","protected":false},"author":1,"featured_media":42119,"comment_status":"open","ping_status":"open","sticky":false,"template":"","format":"image","meta":{"_jetpack_memberships_contains_paid_content":false,"footnotes":"","jetpack_publicize_message":"","jetpack_publicize_feature_enabled":true,"jetpack_social_post_already_shared":true,"jetpack_social_options":{"image_generator_settings":{"template":"highway","default_image_id":0,"enabled":false},"version":2}},"categories":[8,1,2,7,3],"tags":[9925,1985,19,4608,15,23,4031,8777,9301,639,8991,10414],"class_list":["post-42118","post","type-post","status-publish","format-image","has-post-thumbnail","hentry","category-deliberando","category-diario-armstrong","category-locales","category-politica","category-region","tag-lic-graciela-de-la-casa-2","tag-calles","tag-de","tag-diario-armstrong-y-region","tag-en","tag-las","tag-ley","tag-lic-graciela-de-la-casa","tag-mirabella","tag-proyecto","tag-seguridad-2","tag-violacion","post_format-post-format-image"],"jetpack_publicize_connections":[],"jetpack_featured_media_url":"https:\/\/armstrongyregion.com.ar\/diario\/wp-content\/uploads\/2024\/03\/Mirabella-.jpg","jetpack_shortlink":"https:\/\/wp.me\/p62QDO-aXk","jetpack_sharing_enabled":true,"amp_enabled":true,"_links":{"self":[{"href":"https:\/\/armstrongyregion.com.ar\/diario\/wp-json\/wp\/v2\/posts\/42118","targetHints":{"allow":["GET"]}}],"collection":[{"href":"https:\/\/armstrongyregion.com.ar\/diario\/wp-json\/wp\/v2\/posts"}],"about":[{"href":"https:\/\/armstrongyregion.com.ar\/diario\/wp-json\/wp\/v2\/types\/post"}],"author":[{"embeddable":true,"href":"https:\/\/armstrongyregion.com.ar\/diario\/wp-json\/wp\/v2\/users\/1"}],"replies":[{"embeddable":true,"href":"https:\/\/armstrongyregion.com.ar\/diario\/wp-json\/wp\/v2\/comments?post=42118"}],"version-history":[{"count":1,"href":"https:\/\/armstrongyregion.com.ar\/diario\/wp-json\/wp\/v2\/posts\/42118\/revisions"}],"predecessor-version":[{"id":42120,"href":"https:\/\/armstrongyregion.com.ar\/diario\/wp-json\/wp\/v2\/posts\/42118\/revisions\/42120"}],"wp:featuredmedia":[{"embeddable":true,"href":"https:\/\/armstrongyregion.com.ar\/diario\/wp-json\/wp\/v2\/media\/42119"}],"wp:attachment":[{"href":"https:\/\/armstrongyregion.com.ar\/diario\/wp-json\/wp\/v2\/media?parent=42118"}],"wp:term":[{"taxonomy":"category","embeddable":true,"href":"https:\/\/armstrongyregion.com.ar\/diario\/wp-json\/wp\/v2\/categories?post=42118"},{"taxonomy":"post_tag","embeddable":true,"href":"https:\/\/armstrongyregion.com.ar\/diario\/wp-json\/wp\/v2\/tags?post=42118"}],"curies":[{"name":"wp","href":"https:\/\/api.w.org\/{rel}","templated":true}]}}