{"id":42101,"date":"2024-03-19T18:37:37","date_gmt":"2024-03-19T18:37:37","guid":{"rendered":"https:\/\/armstrongyregion.com.ar\/diario\/?p=42101"},"modified":"2024-03-19T18:37:39","modified_gmt":"2024-03-19T18:37:39","slug":"pullaro-recorrio-localidades-del-sur-provincial-con-agenda-de-obra-publica-y-la-produccion","status":"publish","type":"post","link":"https:\/\/armstrongyregion.com.ar\/diario\/pullaro-recorrio-localidades-del-sur-provincial-con-agenda-de-obra-publica-y-la-produccion\/","title":{"rendered":"Pullaro recorri\u00f3 localidades del sur provincial con agenda de obra p\u00fablica y la producci\u00f3n."},"content":{"rendered":"\n<figure class=\"wp-block-image size-full\"><a href=\"http:\/\/armstrongyregion.com.ar\/diario\/wp-content\/uploads\/2024\/03\/pullaro-patagonia-argentina.19-3-24.jpg\"><img loading=\"lazy\" decoding=\"async\" width=\"570\" height=\"320\" src=\"http:\/\/armstrongyregion.com.ar\/diario\/wp-content\/uploads\/2024\/03\/pullaro-patagonia-argentina.19-3-24.jpg\" alt=\"\" class=\"wp-image-42102\" srcset=\"https:\/\/armstrongyregion.com.ar\/diario\/wp-content\/uploads\/2024\/03\/pullaro-patagonia-argentina.19-3-24.jpg 570w, https:\/\/armstrongyregion.com.ar\/diario\/wp-content\/uploads\/2024\/03\/pullaro-patagonia-argentina.19-3-24-300x168.jpg 300w\" sizes=\"auto, (max-width: 570px) 100vw, 570px\" \/><\/a><\/figure>\n\n\n\n<h2 class=\"wp-block-heading\">El gobernador present\u00f3 el proyecto para la construcci\u00f3n de un nuevo edificio escolar en Hughes; recorri\u00f3 obras h\u00eddricas en Melincu\u00e9; y visit\u00f3 una cooperativa agr\u00edcola en Casilda.<\/h2>\n\n\n\n<figure class=\"wp-block-table\"><table><tbody><tr><td>El gobernador Maximiliano Pullaro encabez\u00f3 este martes la presentaci\u00f3n del proyecto para la construcci\u00f3n del edificio propio de la Escuela de Educaci\u00f3n Secundaria Orientada N\u00b0224 \u00abPatagonia Argentina\u00bb de Hughes. Tambi\u00e9n recorri\u00f3 obras en Melincu\u00e9 y visit\u00f3 una cooperativa agr\u00edcola en Casilda.La agenda del mandatario coincide con los primeros 100 d\u00edas de su gesti\u00f3n, y comprende la visita del mandatario a diferentes localidades del sur, del centro, centro oeste y el norte provincial, y que se extender\u00e1 tambi\u00e9n durante este martes y mi\u00e9rcoles.\u201cPero para m\u00ed es un honor venir a mi pueblo como gobernador\u201d, dijo Pullaro, quien reconoci\u00f3 que \u201ceste pueblo a m\u00ed me dio much\u00edsimo, me cambi\u00f3, me form\u00f3, me hizo ser qui\u00e9n soy, porque los pueblos muchas veces a quienes vivimos y nos formamos en ellos, nos dan muchos valores\u201d.En referencia al nuevo edificio, Pullaro explic\u00f3 que \u201choy estamos presentando un proyecto que vamos a llevar adelante, que vamos a terminar en estos cuatro a\u00f1os de gesti\u00f3n. Es un proyecto que tiene una magnitud muy importante por la cantidad de metros cuadrados\u201d, y asegur\u00f3 que \u201cestamos convencidos que en alrededor de dos a\u00f1os vamos a poder realizar el traslado y tener una nueva escuela secundaria, porque esta comunidad se lo merece\u201d.La nueva sede del establecimiento se emplazar\u00e1 en calle Jos\u00e9 Hern\u00e1ndez entre Moreno y San Mart\u00edn, y contar\u00e1 con una superficie de 1.700 metros cuadrados cubiertos y 1.220 semicubiertos. Tendr\u00e1 una planta central con un \u00e1rea abierta, que ser\u00e1 tambi\u00e9n el espacio de juego, y en torno al cual estar\u00e1 el acceso principal, el \u00e1rea administrativa y 10 aulas, m\u00e1s dos aulas especiales. Asimismo contar\u00e1 con un SUM, biblioteca y sala multimedia, cantina, sanitarios, y un espacio destinado a la Cooperadora. Se estima que en 90 d\u00edas se realizar\u00e1 el llamado a licitaci\u00f3n.<img decoding=\"async\" alt=\"\" src=\"https:\/\/ci3.googleusercontent.com\/meips\/ADKq_NakYuS1V46vsRZD_a9lIVRNrDXMxaOGLYwer-377tcRXaKHMnYaaTemr7Pad7y_T7qnAw2ASnM2jnQkSEjLGIM6tXtAQSGcFPa2zVCjgdIOOE4Q9gkCJGcG6wV-j2IdJu9fB_mDMNqVPr3PZzg=s0-d-e1-ft#https:\/\/www.santafe.gob.ar\/noticias\/recursos\/fotos\/2024\/03\/2024-03-19NID_279929O_2.jpeg\"><strong>Una obra para evaluar y juzgar la gesti\u00f3n<\/strong>El ministro de Obras P\u00fablicas, Lisandro Enrico, afirm\u00f3 que esta presentaci\u00f3n \u201ces el punto de partida, porque esta obra la vamos a hacer, porque ac\u00e1 nos jugamos todos como gesti\u00f3n\u201d, y agreg\u00f3 que \u201ca pesar de los problemas econ\u00f3micos vamos a trabajar para que se pueda inaugurar la obra, y en base a eso la sociedad va a tener que evaluar y jugar a los gobernantes, porque las promesas se cumplen, y en esto nosotros no vamos a fallar\u201d.Mientras, la senadora departamental Leticia Di Gregorio reconoci\u00f3 que \u201cfueron muchos a\u00f1os insistiendo con este proyecto, y ver esto ya tan cercano es una alegr\u00eda inmensa. Esta es una instituci\u00f3n que tiene m\u00e1s de 60 a\u00f1os y todav\u00eda no ten\u00eda edificio propio, y hay dos escuelas primarias que llevan sus chicos a esta escuela, as\u00ed que era una obra muy necesaria\u201d.Del acto realizado en la Sociedad Espa\u00f1ola de Hughes participaron tambi\u00e9n el presidente comunal Mauricio Donati; el secretario de Obras P\u00fablicas y H\u00e1bitat, Marcelo Pascual\u00f3n; el subsecretario de Arquitectura y Obras P\u00fablicas, Lucas Condal; el director provincial de la Delegaci\u00f3n Regional Venado Tuerto, Roberto Verge; diputados provinciales, intendentes y presidentes comunales, entre otros.<strong>En Melincu\u00e9<\/strong>Durante la ma\u00f1ana de este martes Pullaro tambi\u00e9n recorri\u00f3 los trabajos de remoci\u00f3n de la antigua defensa sobre la Ruta Provincial N\u00b0 90, y la ejecuci\u00f3n de un nuevo terrapl\u00e9n en la ciudad de Melincu\u00e9 (departamento General L\u00f3pez), una obra h\u00eddrica de gran relevancia para la zona.Con el ministro Enrico \u201cvinimos a ver el avance de esta importante obra, que entendemos que es fundamental, primero para la comunidad, pero tambi\u00e9n para cuidar todo un ecosistema que nos puede dar mucha perspectiva tur\u00edstica, que es lo que no tenemos que perder en el sur de la provincia, con nuestras lagunas, con el turismo de fin de semana, con el turismo de tres o de cuatro d\u00edas, y que vamos a apostar en estos cuatro a\u00f1os a que la gente los pueda conocer\u201d, asegur\u00f3 el gobernador.Posteriormente, Enrico ratific\u00f3 \u201cel ritmo y el plan de obras que se tiene sobre Melincu\u00e9, en un momento donde las obras p\u00fablicas estaban paralizadas por los incrementos de los costos. Pero en Melincu\u00e9 la empresa est\u00e1 trabajando, con un 52% de avance, una obra de protecci\u00f3n que es una necesidad\u201d.<img decoding=\"async\" alt=\"\" src=\"https:\/\/ci3.googleusercontent.com\/meips\/ADKq_NbVLUF-cdbks3OMqe7M4MCdDXDHc989L-ogDaRgQhUAAhIMpmcNvkNinKx9UiwP4PAD3BeFFJ0FkHD27tFU7ndKwBItIVncJODahyQrCRZYR-qhfP6NEq4X_9QORQjJXa4FcPsYEtLQnZb85uY=s0-d-e1-ft#https:\/\/www.santafe.gob.ar\/noticias\/recursos\/fotos\/2024\/03\/2024-03-19NID_279929O_3.jpeg\"><strong>En Casilda<\/strong>Finalmente, el gobernador y el ministro de Desarrollo Productivo, Gustavo Puccini, estuvieron en Casilda (departamento Caseros), donde visitaron la Cooperativa Agropecuaria \u201cCarlos Casado\u201d. Alli se proyecta una obra que mejorar\u00e1 el servicio de energ\u00eda el\u00e9ctrica, lo que potenciar\u00e1 la producci\u00f3n de la cooperativa, pero que tambi\u00e9n beneficiar\u00e1 a 14 emprendimientos productivos, a dos escuelas rurales, y a diez pozos de extracci\u00f3n de agua.<img decoding=\"async\" alt=\"\" src=\"https:\/\/ci3.googleusercontent.com\/meips\/ADKq_NZAJWkbNrNhmCz9mlXYQ1f4_H2RlZCq4RZSqNngqK53riamhQDhwia5p63hVAJ1kwc_QbfXg7Iv0IluDDAFHAAklA8CnLx9sIO5VQrCgpnAr0rnwnRWmLicMnepcqPbXCiD78csq7Wd196KSqg=s0-d-e1-ft#https:\/\/www.santafe.gob.ar\/noticias\/recursos\/fotos\/2024\/03\/2024-03-19NID_279929O_4.jpeg\"><img decoding=\"async\" alt=\"\" src=\"https:\/\/ci3.googleusercontent.com\/meips\/ADKq_NaI_W6Aq2kKYI9fttSHRtW76EvGRx27rDTHK-2z7uJDMUpzhi2YE3Pty_nEfL064UhB1fYjLzS-4E0CAMiE09Z1cRC60w2NEL8JvaW7AJ_2FrP4ILTKTIM2FGLx3gjmamp6DzSa_yIVJbOnFFo=s0-d-e1-ft#https:\/\/www.santafe.gob.ar\/noticias\/recursos\/fotos\/2024\/03\/2024-03-19NID_279929O_5.jpeg\"><img decoding=\"async\" alt=\"\" src=\"https:\/\/ci3.googleusercontent.com\/meips\/ADKq_NZVUH6sYG16ShvEl0HhH5enh-HCNzWfexgNTnNYazPhgyRXnD7VWiapbIaTYHmLXQUtVa9IXHm-V-dL1U3neUjvNy3W0anDWS6ujIrdlPZbXw8PSw6_eCZQYR3dX_ODb8cB6Mf8ESHS38ocWUk=s0-d-e1-ft#https:\/\/www.santafe.gob.ar\/noticias\/recursos\/fotos\/2024\/03\/2024-03-19NID_279929O_6.jpeg\">&nbsp;<\/td><td>&nbsp;<\/td><\/tr><\/tbody><\/table><\/figure>\n\n\n\n<figure class=\"wp-block-table\"><table><tbody><tr><td>&nbsp;<\/td><td>&nbsp;<\/td><\/tr><\/tbody><\/table><\/figure>\n","protected":false},"excerpt":{"rendered":"<p>Pullaro recorri\u00f3 localidades del sur provincial con agenda de obra p\u00fablica y la producci\u00f3n.<\/p>\n","protected":false},"author":1,"featured_media":42102,"comment_status":"open","ping_status":"open","sticky":false,"template":"","format":"image","meta":{"_jetpack_memberships_contains_paid_content":false,"footnotes":"","jetpack_publicize_message":"","jetpack_publicize_feature_enabled":true,"jetpack_social_post_already_shared":true,"jetpack_social_options":{"image_generator_settings":{"template":"highway","default_image_id":0,"enabled":false},"version":2}},"categories":[8,1,2,7,3],"tags":[2506,100,5030,4608,8777,10410,282,928,2846,287,9473,13],"class_list":["post-42101","post","type-post","status-publish","format-image","has-post-thumbnail","hentry","category-deliberando","category-diario-armstrong","category-locales","category-politica","category-region","tag-agenda","tag-con","tag-diario-armstrong","tag-diario-armstrong-y-region","tag-lic-graciela-de-la-casa","tag-obra-publica","tag-produccion","tag-provincial","tag-pullaro","tag-recorrio","tag-sur-2","tag-y","post_format-post-format-image"],"jetpack_publicize_connections":[],"jetpack_featured_media_url":"https:\/\/armstrongyregion.com.ar\/diario\/wp-content\/uploads\/2024\/03\/pullaro-patagonia-argentina.19-3-24.jpg","jetpack_shortlink":"https:\/\/wp.me\/p62QDO-aX3","jetpack_sharing_enabled":true,"amp_enabled":true,"_links":{"self":[{"href":"https:\/\/armstrongyregion.com.ar\/diario\/wp-json\/wp\/v2\/posts\/42101","targetHints":{"allow":["GET"]}}],"collection":[{"href":"https:\/\/armstrongyregion.com.ar\/diario\/wp-json\/wp\/v2\/posts"}],"about":[{"href":"https:\/\/armstrongyregion.com.ar\/diario\/wp-json\/wp\/v2\/types\/post"}],"author":[{"embeddable":true,"href":"https:\/\/armstrongyregion.com.ar\/diario\/wp-json\/wp\/v2\/users\/1"}],"replies":[{"embeddable":true,"href":"https:\/\/armstrongyregion.com.ar\/diario\/wp-json\/wp\/v2\/comments?post=42101"}],"version-history":[{"count":1,"href":"https:\/\/armstrongyregion.com.ar\/diario\/wp-json\/wp\/v2\/posts\/42101\/revisions"}],"predecessor-version":[{"id":42103,"href":"https:\/\/armstrongyregion.com.ar\/diario\/wp-json\/wp\/v2\/posts\/42101\/revisions\/42103"}],"wp:featuredmedia":[{"embeddable":true,"href":"https:\/\/armstrongyregion.com.ar\/diario\/wp-json\/wp\/v2\/media\/42102"}],"wp:attachment":[{"href":"https:\/\/armstrongyregion.com.ar\/diario\/wp-json\/wp\/v2\/media?parent=42101"}],"wp:term":[{"taxonomy":"category","embeddable":true,"href":"https:\/\/armstrongyregion.com.ar\/diario\/wp-json\/wp\/v2\/categories?post=42101"},{"taxonomy":"post_tag","embeddable":true,"href":"https:\/\/armstrongyregion.com.ar\/diario\/wp-json\/wp\/v2\/tags?post=42101"}],"curies":[{"name":"wp","href":"https:\/\/api.w.org\/{rel}","templated":true}]}}