{"id":42087,"date":"2024-03-19T16:39:02","date_gmt":"2024-03-19T16:39:02","guid":{"rendered":"https:\/\/armstrongyregion.com.ar\/diario\/?p=42087"},"modified":"2024-03-19T16:39:05","modified_gmt":"2024-03-19T16:39:05","slug":"armstrong-operario-pierde-la-vida-en-accidente-laboral","status":"publish","type":"post","link":"https:\/\/armstrongyregion.com.ar\/diario\/armstrong-operario-pierde-la-vida-en-accidente-laboral\/","title":{"rendered":"Armstrong: Operario pierde la vida en accidente laboral."},"content":{"rendered":"\n<figure class=\"wp-block-image size-full\"><a href=\"http:\/\/armstrongyregion.com.ar\/diario\/wp-content\/uploads\/2022\/03\/Bomberos-Voluntarios-Armstrong-.jpg\"><img loading=\"lazy\" decoding=\"async\" width=\"489\" height=\"303\" src=\"http:\/\/armstrongyregion.com.ar\/diario\/wp-content\/uploads\/2022\/03\/Bomberos-Voluntarios-Armstrong-.jpg\" alt=\"\" class=\"wp-image-33459\" srcset=\"https:\/\/armstrongyregion.com.ar\/diario\/wp-content\/uploads\/2022\/03\/Bomberos-Voluntarios-Armstrong-.jpg 489w, https:\/\/armstrongyregion.com.ar\/diario\/wp-content\/uploads\/2022\/03\/Bomberos-Voluntarios-Armstrong--300x186.jpg 300w\" sizes=\"auto, (max-width: 489px) 100vw, 489px\" \/><\/a><\/figure>\n\n\n\n<h2 class=\"wp-block-heading\">Un operario recibi\u00f3 un fuerte golpe en la cabeza mientras manipulaba una maquina y perdi\u00f3 la vida en el acto.<\/h2>\n\n\n\n<p>Nota Sebastian Falaschi.  <\/p>\n\n\n\n<figure class=\"wp-block-audio\"><audio controls src=\"http:\/\/armstrongyregion.com.ar\/diario\/wp-content\/uploads\/2024\/03\/multimedia.audio_.8ad31f86bd056773.YXVkaW8ubXAz.mp3\"><\/audio><\/figure>\n\n\n\n<p>Bomberos Voluntarios de Armstrong. <\/p>\n\n\n\n<p>A las 13:50 horas del lunes, Bomberos Voluntarios son llamados por un accidente laboral en una empresa en zona urbana.<\/p>\n\n\n\n<p>Una de las maquinas que estaban manipulando cayo sobre el operario, quien recibi\u00f3 un fuerte golpe en la cabeza y perdi\u00f3 la vida en el acto. Se trabaj\u00f3 junto al SAMCo y polic\u00eda.<\/p>\n\n\n\n<p>El cuerpo fue derivado a Rosario para realizar la autopsia.\u00a0<\/p>\n\n\n\n<p>Fuente: Renacer Regional.<\/p>\n","protected":false},"excerpt":{"rendered":"<p>Armstrong: Operario pierde la vida en accidente laboral.<\/p>\n","protected":false},"author":1,"featured_media":42089,"comment_status":"open","ping_status":"open","sticky":false,"template":"","format":"image","meta":{"_jetpack_memberships_contains_paid_content":false,"footnotes":"","jetpack_publicize_message":"","jetpack_publicize_feature_enabled":true,"jetpack_social_post_already_shared":true,"jetpack_social_options":{"image_generator_settings":{"template":"highway","default_image_id":0,"enabled":false},"version":2}},"categories":[8,1,2,7,3],"tags":[9925,694,20,4608,15,3232,10405,8629],"class_list":["post-42087","post","type-post","status-publish","format-image","has-post-thumbnail","hentry","category-deliberando","category-diario-armstrong","category-locales","category-politica","category-region","tag-lic-graciela-de-la-casa-2","tag-accidente","tag-armstrong","tag-diario-armstrong-y-region","tag-en","tag-laboral","tag-operario","tag-vida-2","post_format-post-format-image"],"jetpack_publicize_connections":[],"jetpack_featured_media_url":"https:\/\/armstrongyregion.com.ar\/diario\/wp-content\/uploads\/2024\/03\/Bomberos-Voluntarios-Armstrong-.jpg","jetpack_shortlink":"https:\/\/wp.me\/p62QDO-aWP","jetpack_sharing_enabled":true,"amp_enabled":true,"_links":{"self":[{"href":"https:\/\/armstrongyregion.com.ar\/diario\/wp-json\/wp\/v2\/posts\/42087","targetHints":{"allow":["GET"]}}],"collection":[{"href":"https:\/\/armstrongyregion.com.ar\/diario\/wp-json\/wp\/v2\/posts"}],"about":[{"href":"https:\/\/armstrongyregion.com.ar\/diario\/wp-json\/wp\/v2\/types\/post"}],"author":[{"embeddable":true,"href":"https:\/\/armstrongyregion.com.ar\/diario\/wp-json\/wp\/v2\/users\/1"}],"replies":[{"embeddable":true,"href":"https:\/\/armstrongyregion.com.ar\/diario\/wp-json\/wp\/v2\/comments?post=42087"}],"version-history":[{"count":1,"href":"https:\/\/armstrongyregion.com.ar\/diario\/wp-json\/wp\/v2\/posts\/42087\/revisions"}],"predecessor-version":[{"id":42090,"href":"https:\/\/armstrongyregion.com.ar\/diario\/wp-json\/wp\/v2\/posts\/42087\/revisions\/42090"}],"wp:featuredmedia":[{"embeddable":true,"href":"https:\/\/armstrongyregion.com.ar\/diario\/wp-json\/wp\/v2\/media\/42089"}],"wp:attachment":[{"href":"https:\/\/armstrongyregion.com.ar\/diario\/wp-json\/wp\/v2\/media?parent=42087"}],"wp:term":[{"taxonomy":"category","embeddable":true,"href":"https:\/\/armstrongyregion.com.ar\/diario\/wp-json\/wp\/v2\/categories?post=42087"},{"taxonomy":"post_tag","embeddable":true,"href":"https:\/\/armstrongyregion.com.ar\/diario\/wp-json\/wp\/v2\/tags?post=42087"}],"curies":[{"name":"wp","href":"https:\/\/api.w.org\/{rel}","templated":true}]}}