{"id":42073,"date":"2024-03-18T11:24:27","date_gmt":"2024-03-18T11:24:27","guid":{"rendered":"https:\/\/armstrongyregion.com.ar\/diario\/?p=42073"},"modified":"2024-03-18T11:24:30","modified_gmt":"2024-03-18T11:24:30","slug":"la-provincia-acredita-los-fondos-de-la-tarjeta-unica-de-ciudadania","status":"publish","type":"post","link":"https:\/\/armstrongyregion.com.ar\/diario\/la-provincia-acredita-los-fondos-de-la-tarjeta-unica-de-ciudadania\/","title":{"rendered":"La provincia acredita los fondos de la Tarjeta \u00danica de Ciudadan\u00eda."},"content":{"rendered":"\n<figure class=\"wp-block-image size-full\"><a href=\"http:\/\/armstrongyregion.com.ar\/diario\/wp-content\/uploads\/2024\/03\/pago-tarjeta-ciudadania-.jpg\"><img loading=\"lazy\" decoding=\"async\" width=\"1001\" height=\"563\" src=\"http:\/\/armstrongyregion.com.ar\/diario\/wp-content\/uploads\/2024\/03\/pago-tarjeta-ciudadania-.jpg\" alt=\"\" class=\"wp-image-42074\" srcset=\"https:\/\/armstrongyregion.com.ar\/diario\/wp-content\/uploads\/2024\/03\/pago-tarjeta-ciudadania-.jpg 1001w, https:\/\/armstrongyregion.com.ar\/diario\/wp-content\/uploads\/2024\/03\/pago-tarjeta-ciudadania--300x169.jpg 300w, https:\/\/armstrongyregion.com.ar\/diario\/wp-content\/uploads\/2024\/03\/pago-tarjeta-ciudadania--768x432.jpg 768w\" sizes=\"auto, (max-width: 1001px) 100vw, 1001px\" \/><\/a><\/figure>\n\n\n\n<p>A partir del lunes estar\u00e1n disponibles los aportes.<\/p>\n\n\n\n<figure class=\"wp-block-table\"><table><tbody><tr><td>El Ministerio de Igualdad y Desarrollo Humano informa que a partir del lunes 18 comenzar\u00e1 la acreditaci\u00f3n de fondos del programa Tarjeta \u00danica de Ciudadan\u00eda y Tarjeta Institucional, correspondientes al mes de marzo.Cabe destacar que la acreditaci\u00f3n estar\u00e1 disponible, tanto para los beneficiarios que cobran a trav\u00e9s la aplicaci\u00f3n Billetera Santa Fe y quienes perciben la prestaci\u00f3n a trav\u00e9s del pl\u00e1stico.<\/td><td>&nbsp;<\/td><\/tr><\/tbody><\/table><\/figure>\n\n\n\n<p><\/p>\n","protected":false},"excerpt":{"rendered":"<p>La provincia acredita los fondos de la Tarjeta \u00danica de Ciudadan\u00eda.<\/p>\n","protected":false},"author":1,"featured_media":42074,"comment_status":"open","ping_status":"open","sticky":false,"template":"","format":"image","meta":{"_jetpack_memberships_contains_paid_content":false,"footnotes":"","jetpack_publicize_message":"","jetpack_publicize_feature_enabled":true,"jetpack_social_post_already_shared":true,"jetpack_social_options":{"image_generator_settings":{"template":"highway","default_image_id":0,"enabled":false},"version":2}},"categories":[8,1,2,7,3],"tags":[9925,10402,8643,19,4608,3950,31,42,8640,8642,2109],"class_list":["post-42073","post","type-post","status-publish","format-image","has-post-thumbnail","hentry","category-deliberando","category-diario-armstrong","category-locales","category-politica","category-region","tag-lic-graciela-de-la-casa-2","tag-acredita","tag-ciudadania-2","tag-de","tag-diario-armstrong-y-region","tag-fondos","tag-la","tag-los","tag-provincia-2","tag-tarjeta","tag-unica","post_format-post-format-image"],"jetpack_publicize_connections":[],"jetpack_featured_media_url":"https:\/\/armstrongyregion.com.ar\/diario\/wp-content\/uploads\/2024\/03\/pago-tarjeta-ciudadania-.jpg","jetpack_shortlink":"https:\/\/wp.me\/p62QDO-aWB","jetpack_sharing_enabled":true,"amp_enabled":true,"_links":{"self":[{"href":"https:\/\/armstrongyregion.com.ar\/diario\/wp-json\/wp\/v2\/posts\/42073","targetHints":{"allow":["GET"]}}],"collection":[{"href":"https:\/\/armstrongyregion.com.ar\/diario\/wp-json\/wp\/v2\/posts"}],"about":[{"href":"https:\/\/armstrongyregion.com.ar\/diario\/wp-json\/wp\/v2\/types\/post"}],"author":[{"embeddable":true,"href":"https:\/\/armstrongyregion.com.ar\/diario\/wp-json\/wp\/v2\/users\/1"}],"replies":[{"embeddable":true,"href":"https:\/\/armstrongyregion.com.ar\/diario\/wp-json\/wp\/v2\/comments?post=42073"}],"version-history":[{"count":1,"href":"https:\/\/armstrongyregion.com.ar\/diario\/wp-json\/wp\/v2\/posts\/42073\/revisions"}],"predecessor-version":[{"id":42075,"href":"https:\/\/armstrongyregion.com.ar\/diario\/wp-json\/wp\/v2\/posts\/42073\/revisions\/42075"}],"wp:featuredmedia":[{"embeddable":true,"href":"https:\/\/armstrongyregion.com.ar\/diario\/wp-json\/wp\/v2\/media\/42074"}],"wp:attachment":[{"href":"https:\/\/armstrongyregion.com.ar\/diario\/wp-json\/wp\/v2\/media?parent=42073"}],"wp:term":[{"taxonomy":"category","embeddable":true,"href":"https:\/\/armstrongyregion.com.ar\/diario\/wp-json\/wp\/v2\/categories?post=42073"},{"taxonomy":"post_tag","embeddable":true,"href":"https:\/\/armstrongyregion.com.ar\/diario\/wp-json\/wp\/v2\/tags?post=42073"}],"curies":[{"name":"wp","href":"https:\/\/api.w.org\/{rel}","templated":true}]}}