{"id":42069,"date":"2024-03-18T11:19:05","date_gmt":"2024-03-18T11:19:05","guid":{"rendered":"https:\/\/armstrongyregion.com.ar\/diario\/?p=42069"},"modified":"2024-03-18T11:19:08","modified_gmt":"2024-03-18T11:19:08","slug":"un-chico-de-13-anos-murio-ahogado-en-un-arroyo-desbordado-de-canada-de-gomez","status":"publish","type":"post","link":"https:\/\/armstrongyregion.com.ar\/diario\/un-chico-de-13-anos-murio-ahogado-en-un-arroyo-desbordado-de-canada-de-gomez\/","title":{"rendered":"Un chico de 13 a\u00f1os muri\u00f3 ahogado en un arroyo desbordado de Ca\u00f1ada de G\u00f3mez."},"content":{"rendered":"\n<figure class=\"wp-block-image size-full\"><a href=\"http:\/\/armstrongyregion.com.ar\/diario\/wp-content\/uploads\/2024\/03\/busqueda-nino-1-.jpg\"><img loading=\"lazy\" decoding=\"async\" width=\"800\" height=\"450\" src=\"http:\/\/armstrongyregion.com.ar\/diario\/wp-content\/uploads\/2024\/03\/busqueda-nino-1-.jpg\" alt=\"\" class=\"wp-image-42070\" srcset=\"https:\/\/armstrongyregion.com.ar\/diario\/wp-content\/uploads\/2024\/03\/busqueda-nino-1-.jpg 800w, https:\/\/armstrongyregion.com.ar\/diario\/wp-content\/uploads\/2024\/03\/busqueda-nino-1--300x169.jpg 300w, https:\/\/armstrongyregion.com.ar\/diario\/wp-content\/uploads\/2024\/03\/busqueda-nino-1--768x432.jpg 768w\" sizes=\"auto, (max-width: 800px) 100vw, 800px\" \/><\/a><\/figure>\n\n\n\n<p>Lavaba su bicicleta junto a su hermano cuando cedi\u00f3 el terreno. Ambos cayeron al agua, pero \u00e9l fue arrastrado por el afluente muy crecido por las lluvias en la regi\u00f3n.<\/p>\n\n\n\n<figure class=\"wp-block-image size-full\"><a href=\"http:\/\/armstrongyregion.com.ar\/diario\/wp-content\/uploads\/2024\/03\/busqueda-nino-2.jpg\"><img loading=\"lazy\" decoding=\"async\" width=\"800\" height=\"450\" src=\"http:\/\/armstrongyregion.com.ar\/diario\/wp-content\/uploads\/2024\/03\/busqueda-nino-2.jpg\" alt=\"\" class=\"wp-image-42071\" srcset=\"https:\/\/armstrongyregion.com.ar\/diario\/wp-content\/uploads\/2024\/03\/busqueda-nino-2.jpg 800w, https:\/\/armstrongyregion.com.ar\/diario\/wp-content\/uploads\/2024\/03\/busqueda-nino-2-300x169.jpg 300w, https:\/\/armstrongyregion.com.ar\/diario\/wp-content\/uploads\/2024\/03\/busqueda-nino-2-768x432.jpg 768w\" sizes=\"auto, (max-width: 800px) 100vw, 800px\" \/><\/a><\/figure>\n\n\n\n<p><strong>Un adolescente de 13 a\u00f1os muri\u00f3 ahogado<\/strong>\u00a0este s\u00e1bado en las aguas del\u00a0<strong>arroyo Ca\u00f1ada de G\u00f3mez<\/strong>, camino a Las Trojas, en el departamento Iriondo. Fue arrastrado por la corriente del\u00a0<strong>canal desbordado por el agua que trajeron las tormentas a la regi\u00f3n.<\/strong><\/p>\n\n\n\n<p>Ambos estaban lavando sus bicicletas en un desag\u00fce lateral al arroyo, cuando<strong>\u00a0el terreno cedi\u00f3 y fueron arrastrados por la caudal<\/strong>. Uno\u00a0logr\u00f3 salir a flote poco despu\u00e9s, pero perdi\u00f3 de vista a su hermano.<\/p>\n\n\n\n<p>La central de emergencias 911 recibi\u00f3 un llamado del joven que pudo salir con vida, de nombre Brian, informando que su hermano, Franco, fue llevado por la corriente.<\/p>\n\n\n\n<p>Una operaci\u00f3n de b\u00fasqueda fue desplegada con personal de la Unidad Regional, Bomberos Voluntarios de varias localidades, la Brigada Acu\u00e1tica, personal municipal y m\u00e9dicos.<\/p>\n\n\n\n<p>A pesar de los esfuerzos coordinados y el uso de drones para rastrillaje a\u00e9reo y acu\u00e1tico, el joven no fue encontrado durante el s\u00e1bado. Lamentablemente,\u00a0<strong>este domingo hallaron el cuerpo sin vida del menor en otro sector del arroyo.<\/strong><\/p>\n\n\n\n<p><strong>Brigada acu\u00e1tica de la Regional 6.<\/strong><\/p>\n\n\n\n<p> \u00abEl d\u00eda s\u00e1bado 16\/3 a las 14:30hs fuimos convocados por el jefe de zona centro de la provincia para la b\u00fasqueda de un menor que hab\u00eda ca\u00eddo en el arroyo Ca\u00f1ada de G\u00f3mez. Llegamos al lugar donde ocurri\u00f3 el hecho llamado \u201cpunto cero\u201d y se busc\u00f3 visualmente con un bote a motor y dos kayaks hasta el puente de la ruta 91 con resultado negativo\u00bb. <\/p>\n\n\n\n<p>17\/3 8:00hs \u00abCuando est\u00e1bamos prepar\u00e1ndonos para retomar la b\u00fasqueda en kayaks nos dan aviso que hab\u00edan encontrado al menor lamentablemente sin vida. De igual manera nos acercamos al lugar y estuvimos trabajando con los brigadistas en el levantamiento del cuerpo\u00bb. <\/p>\n\n\n\n<p>Trabajo en el lugar: Jefe de operaciones zona Centro provincial (Armstrong), Jefe provincial de Brigada acu\u00e1tica (tortugas), jefe de operaciones Regional 6 (Villa Elo\u00edsa), Brigada Acu\u00e1tica Reg 6 ( Armstrong y las Parejas) Personal encarga de Drone ( Las Parejas) Bomberos de Ca\u00f1ada de G\u00f3mez, Bomberos de Correa y Bomberos de Carcara\u00f1\u00e1.<\/p>\n","protected":false},"excerpt":{"rendered":"<p>Lavaba su bicicleta junto a su hermano cuando cedi\u00f3 el terreno. Ambos cayeron al agua, pero \u00e9l fue arrastrado por el afluente muy crecido por las lluvias en la regi\u00f3n. Un adolescente de 13 a\u00f1os muri\u00f3 ahogado\u00a0este s\u00e1bado en las aguas del\u00a0arroyo Ca\u00f1ada de G\u00f3mez, camino a Las Trojas, en el departamento Iriondo. Fue arrastrado <a href=\"https:\/\/armstrongyregion.com.ar\/diario\/un-chico-de-13-anos-murio-ahogado-en-un-arroyo-desbordado-de-canada-de-gomez\/\" title=\"Read more\" >&#8230;<\/a><\/p>\n","protected":false},"author":1,"featured_media":42071,"comment_status":"open","ping_status":"open","sticky":false,"template":"","format":"image","meta":{"_jetpack_memberships_contains_paid_content":false,"footnotes":"","jetpack_publicize_message":"","jetpack_publicize_feature_enabled":true,"jetpack_social_post_already_shared":true,"jetpack_social_options":{"image_generator_settings":{"template":"highway","default_image_id":0,"enabled":false},"version":2}},"categories":[8,1,2,3],"tags":[9925,10399,9780,2411,420,10398,19,10401,4608,15,10400,192],"class_list":["post-42069","post","type-post","status-publish","format-image","has-post-thumbnail","hentry","category-deliberando","category-diario-armstrong","category-locales","category-region","tag-lic-graciela-de-la-casa-2","tag-13-anos","tag-ahogado","tag-arroyo","tag-canada-de-gomez","tag-chico","tag-de","tag-desbordado","tag-diario-armstrong-y-region","tag-en","tag-murio","tag-un","post_format-post-format-image"],"jetpack_publicize_connections":[],"jetpack_featured_media_url":"https:\/\/armstrongyregion.com.ar\/diario\/wp-content\/uploads\/2024\/03\/busqueda-nino-2.jpg","jetpack_shortlink":"https:\/\/wp.me\/p62QDO-aWx","jetpack_sharing_enabled":true,"amp_enabled":true,"_links":{"self":[{"href":"https:\/\/armstrongyregion.com.ar\/diario\/wp-json\/wp\/v2\/posts\/42069","targetHints":{"allow":["GET"]}}],"collection":[{"href":"https:\/\/armstrongyregion.com.ar\/diario\/wp-json\/wp\/v2\/posts"}],"about":[{"href":"https:\/\/armstrongyregion.com.ar\/diario\/wp-json\/wp\/v2\/types\/post"}],"author":[{"embeddable":true,"href":"https:\/\/armstrongyregion.com.ar\/diario\/wp-json\/wp\/v2\/users\/1"}],"replies":[{"embeddable":true,"href":"https:\/\/armstrongyregion.com.ar\/diario\/wp-json\/wp\/v2\/comments?post=42069"}],"version-history":[{"count":1,"href":"https:\/\/armstrongyregion.com.ar\/diario\/wp-json\/wp\/v2\/posts\/42069\/revisions"}],"predecessor-version":[{"id":42072,"href":"https:\/\/armstrongyregion.com.ar\/diario\/wp-json\/wp\/v2\/posts\/42069\/revisions\/42072"}],"wp:featuredmedia":[{"embeddable":true,"href":"https:\/\/armstrongyregion.com.ar\/diario\/wp-json\/wp\/v2\/media\/42071"}],"wp:attachment":[{"href":"https:\/\/armstrongyregion.com.ar\/diario\/wp-json\/wp\/v2\/media?parent=42069"}],"wp:term":[{"taxonomy":"category","embeddable":true,"href":"https:\/\/armstrongyregion.com.ar\/diario\/wp-json\/wp\/v2\/categories?post=42069"},{"taxonomy":"post_tag","embeddable":true,"href":"https:\/\/armstrongyregion.com.ar\/diario\/wp-json\/wp\/v2\/tags?post=42069"}],"curies":[{"name":"wp","href":"https:\/\/api.w.org\/{rel}","templated":true}]}}