{"id":42033,"date":"2024-03-14T15:17:50","date_gmt":"2024-03-14T15:17:50","guid":{"rendered":"https:\/\/armstrongyregion.com.ar\/diario\/?p=42033"},"modified":"2024-03-14T15:17:52","modified_gmt":"2024-03-14T15:17:52","slug":"acindar-diputados-proponen-un-plan-de-accion-para-defender-la-industria-santafesina","status":"publish","type":"post","link":"https:\/\/armstrongyregion.com.ar\/diario\/acindar-diputados-proponen-un-plan-de-accion-para-defender-la-industria-santafesina\/","title":{"rendered":"Acindar: Diputados proponen un plan de acci\u00f3n para defender la industria santafesina"},"content":{"rendered":"\n<p>La Comisi\u00f3n de Asuntos Laborales de la C\u00e1mara de Diputadas y Diputados de Santa Fe se reuni\u00f3 en Villa Constituci\u00f3n con representantes gremiales, trabajadores, comerciantes, concejales y el Intendente para analizar el conflicto laboral en la sider\u00fargica. \u201cNo podemos permitir que se cometa un industricidio en nuestro pa\u00eds\u201d, expres\u00f3 el legislador, Joaqu\u00edn Blanco.<br>La Comisi\u00f3n de Asuntos Laborales de la C\u00e1mara de Diputadas y Diputados de Santa Fe llev\u00f3 adelante una reuni\u00f3n en la sede del Concejo Deliberante de Villa Constituci\u00f3n por el conflicto laboral en Acindar. \u201cUn cese de actividades en la sider\u00fargica no s\u00f3lo impacta a una ciudad sino a toda la provincia y el pa\u00eds. Esta es una de las empresas motores de nuestro desarrollo industrial\u201d, expres\u00f3 el presidente de la comisi\u00f3n, el socialista Joaqu\u00edn Blanco. El encuentro cont\u00f3 con la presencia de representantes gremiales, trabajadores, comerciantes, transportistas, concejales y el intendente de la localidad, Jorge Berti. Es la primera vez que la comisi\u00f3n se re\u00fane en esta ciudad.<br>De la reuni\u00f3n de comisi\u00f3n participaron los diputados y diputadas: Silvana Di Stefano (bloque UCR); Sergio Rojas (Socialista); Lucila De Ponti (Santa Fe Sin Miedo); Celia Arena (Hacemos Santa Fe); Nicol\u00e1s Arga\u00f1ar\u00e1z (Inspirar); y Beatriz Brouwer (Somos Vida).<br>\u201cLa pol\u00edtica industrial de un pa\u00eds se define con medidas concretas que la defiendan. No se hace con ajuste, frenando la obra p\u00fablica, abriendo indiscriminadamente las importaciones o subiendo las retenciones al sector como propone el Gobierno Nacional. No queremos que se cometa un industricidio\u201d, asever\u00f3 Blanco en la reuni\u00f3n. \u201cNo podemos dejar que miles de puestos de trabajo se pongan en riesgo por estas decisiones ni que se aproveche la crisis econ\u00f3mica para proponer medidas especulativas como lo son los retiros voluntarios o las tercerizaciones\u201d, dijo el diputado socialista, quien lament\u00f3 la ausencia de los representantes de la empresa en la reuni\u00f3n.<br>\u201cVilla Constituci\u00f3n es una ciudad que se mueve al ritmo de lo que suceda con Acindar. No hay que dejar que se vuelva una ciudad fantasma. Adem\u00e1s, es una \u00e9poca muy especial para esta localidad porque el s\u00e1bado se cumplen 50 a\u00f1os del Villazo, una gesta obrera que fue ejemplo para todo el movimiento a nivel nacional\u201d, record\u00f3 Blanco.<br>\u201cNo podemos dejar solos a los trabajadores. El cese de estas plantas produce un gran da\u00f1o y repercute en todo el entramado social y econ\u00f3mico de la provincia\u201d, agreg\u00f3. \u201cDesde la Comisi\u00f3n de Asuntos Laborales proponemos llevar un plan de acci\u00f3n que permita defender los empleos y que evite un freno total en la producci\u00f3n sin antes conocer cu\u00e1les son los pasos a seguir de la empresa para resolver este conflicto\u201d, anticip\u00f3 el legislador.<br>\u201cLe pedimos a los 22 legisladores nacionales de Santa Fe que no acompa\u00f1en medidas que pongan retenciones o liberen importaciones en sectores estrat\u00e9gicos para la industria argentina; queremos una Mesa Permanente entre la Legislatura y representantes del Ejecutivo para monitorear el conflicto; vamos a solicitar al Gobierno Provincial que refuerce su presencia en Villa Constituci\u00f3n en materia social y laboral; y que haya un trabajo articulado entre la Empresa Provincial de la Energ\u00eda y las Pymes que dependen de Acindar\u201d, enumer\u00f3 Blanco como parte del plan de acci\u00f3n propuesto por la Comisi\u00f3n.<br>\u201cHoy estuvo representado todo el arco pol\u00edtico y eso es para resaltar. Esto tiene que ser parte de la agenda nacional, no se puede mirar para otro lado. No es momento de estar buscando diferencias sino de defender los miles de puestos de trabajo, de acompa\u00f1ar a la localidad y sus habitantes\u201d, finaliz\u00f3.<\/p>\n","protected":false},"excerpt":{"rendered":"<p>La Comisi\u00f3n de Asuntos Laborales de la C\u00e1mara de Diputadas y Diputados de Santa Fe se reuni\u00f3 en Villa Constituci\u00f3n con representantes gremiales, trabajadores, comerciantes, concejales y el Intendente para analizar el conflicto laboral en la sider\u00fargica. \u201cNo podemos permitir que se cometa un industricidio en nuestro pa\u00eds\u201d, expres\u00f3 el legislador, Joaqu\u00edn Blanco.La Comisi\u00f3n de <a href=\"https:\/\/armstrongyregion.com.ar\/diario\/acindar-diputados-proponen-un-plan-de-accion-para-defender-la-industria-santafesina\/\" title=\"Read more\" >&#8230;<\/a><\/p>\n","protected":false},"author":2,"featured_media":42034,"comment_status":"open","ping_status":"open","sticky":false,"template":"","format":"image","meta":{"_jetpack_memberships_contains_paid_content":false,"footnotes":"","jetpack_publicize_message":"","jetpack_publicize_feature_enabled":true,"jetpack_social_post_already_shared":true,"jetpack_social_options":{"image_generator_settings":{"template":"highway","default_image_id":0,"enabled":false},"version":2}},"categories":[1],"tags":[],"class_list":["post-42033","post","type-post","status-publish","format-image","has-post-thumbnail","hentry","category-diario-armstrong","post_format-post-format-image"],"jetpack_publicize_connections":[],"jetpack_featured_media_url":"https:\/\/armstrongyregion.com.ar\/diario\/wp-content\/uploads\/2024\/03\/concejo-municipal-scaled.jpg","jetpack_shortlink":"https:\/\/wp.me\/p62QDO-aVX","jetpack_sharing_enabled":true,"amp_enabled":true,"_links":{"self":[{"href":"https:\/\/armstrongyregion.com.ar\/diario\/wp-json\/wp\/v2\/posts\/42033","targetHints":{"allow":["GET"]}}],"collection":[{"href":"https:\/\/armstrongyregion.com.ar\/diario\/wp-json\/wp\/v2\/posts"}],"about":[{"href":"https:\/\/armstrongyregion.com.ar\/diario\/wp-json\/wp\/v2\/types\/post"}],"author":[{"embeddable":true,"href":"https:\/\/armstrongyregion.com.ar\/diario\/wp-json\/wp\/v2\/users\/2"}],"replies":[{"embeddable":true,"href":"https:\/\/armstrongyregion.com.ar\/diario\/wp-json\/wp\/v2\/comments?post=42033"}],"version-history":[{"count":1,"href":"https:\/\/armstrongyregion.com.ar\/diario\/wp-json\/wp\/v2\/posts\/42033\/revisions"}],"predecessor-version":[{"id":42035,"href":"https:\/\/armstrongyregion.com.ar\/diario\/wp-json\/wp\/v2\/posts\/42033\/revisions\/42035"}],"wp:featuredmedia":[{"embeddable":true,"href":"https:\/\/armstrongyregion.com.ar\/diario\/wp-json\/wp\/v2\/media\/42034"}],"wp:attachment":[{"href":"https:\/\/armstrongyregion.com.ar\/diario\/wp-json\/wp\/v2\/media?parent=42033"}],"wp:term":[{"taxonomy":"category","embeddable":true,"href":"https:\/\/armstrongyregion.com.ar\/diario\/wp-json\/wp\/v2\/categories?post=42033"},{"taxonomy":"post_tag","embeddable":true,"href":"https:\/\/armstrongyregion.com.ar\/diario\/wp-json\/wp\/v2\/tags?post=42033"}],"curies":[{"name":"wp","href":"https:\/\/api.w.org\/{rel}","templated":true}]}}