{"id":42013,"date":"2024-03-13T21:14:45","date_gmt":"2024-03-13T21:14:45","guid":{"rendered":"https:\/\/armstrongyregion.com.ar\/diario\/?p=42013"},"modified":"2024-03-13T21:14:47","modified_gmt":"2024-03-13T21:14:47","slug":"gramigna-entendemos-la-preocupacion-de-los-vecinos-y-el-pedido-de-que-se-trabaje-en-la-prevencion-del-dengue","status":"publish","type":"post","link":"https:\/\/armstrongyregion.com.ar\/diario\/gramigna-entendemos-la-preocupacion-de-los-vecinos-y-el-pedido-de-que-se-trabaje-en-la-prevencion-del-dengue\/","title":{"rendered":"Gramigna: \u201cEntendemos la preocupaci\u00f3n de los vecinos y el pedido de que se trabaje en la prevenci\u00f3n del DENGUE\u201d."},"content":{"rendered":"\n<figure class=\"wp-block-image size-full\"><a href=\"http:\/\/armstrongyregion.com.ar\/diario\/wp-content\/uploads\/2023\/08\/EMI-GRAMIGNA-29-9-23.jpg\"><img loading=\"lazy\" decoding=\"async\" width=\"369\" height=\"366\" src=\"http:\/\/armstrongyregion.com.ar\/diario\/wp-content\/uploads\/2023\/08\/EMI-GRAMIGNA-29-9-23.jpg\" alt=\"\" class=\"wp-image-39976\" srcset=\"https:\/\/armstrongyregion.com.ar\/diario\/wp-content\/uploads\/2023\/08\/EMI-GRAMIGNA-29-9-23.jpg 369w, https:\/\/armstrongyregion.com.ar\/diario\/wp-content\/uploads\/2023\/08\/EMI-GRAMIGNA-29-9-23-300x298.jpg 300w, https:\/\/armstrongyregion.com.ar\/diario\/wp-content\/uploads\/2023\/08\/EMI-GRAMIGNA-29-9-23-150x150.jpg 150w\" sizes=\"auto, (max-width: 369px) 100vw, 369px\" \/><\/a><\/figure>\n\n\n\n<h2 class=\"wp-block-heading\">Renovaci\u00f3n por Armstrong present\u00f3 un pedido de informe sobre el manejo del ejecutivo ante la epidemia de dengue en la ciudad.<\/h2>\n\n\n\n<p>Emiliano Gramigna, en di\u00e1logo con los medios locales expres\u00f3: <strong>\u201cPresentamos un pedido de informe sobre las medidas aplicadas a la problem\u00e1tica del dengue en la ciudad.<br>Visualizamos la epidemia que hoy tenemos, sumado a que los vecinos vinieron a plantear a este concejo sus inquietudes y obviamente entendemos su preocupaci\u00f3n y pedido de que se trabaje en la prevenci\u00f3n de dicha patolog\u00eda\u201d.<\/strong><\/p>\n\n\n\n<p>El edil a\u00f1adi\u00f3: \u00abEl informe esta referido a conocer estrictamente los protocolos que se est\u00e1n utilizando,<\/p>\n\n\n\n<p>C\u00f3mo se esta manejando el ejecutivo ante un caso positivo,<\/p>\n\n\n\n<p>Saber si se est\u00e1n fumigando los espacios p\u00fablicos y con que frecuencia,<\/p>\n\n\n\n<p>Solicitacitamos informaci\u00f3n sobre las tareas de prevenci\u00f3n, <\/p>\n\n\n\n<p>Conocer c\u00f3mo est\u00e1n trabajando cuando la patologia ya est\u00e1 instalada en algun barrio\u00bb, etc.<\/p>\n\n\n\n<p>\u00abNuestra ciudad no es ajena a lo que esta pasando a nivel provincia y naci\u00f3n, pero queremos saber como esta actuando el municipio ante cada situaci\u00f3n\u00bb. <\/p>\n","protected":false},"excerpt":{"rendered":"<p>Gramigna: \u201cEntendemos la preocupaci\u00f3n de los vecinos y el pedido de que se trabaje en la prevenci\u00f3n del DENGUE\u201d.<\/p>\n","protected":false},"author":1,"featured_media":39976,"comment_status":"open","ping_status":"open","sticky":false,"template":"","format":"image","meta":{"_jetpack_memberships_contains_paid_content":false,"footnotes":"","jetpack_publicize_message":"","jetpack_publicize_feature_enabled":true,"jetpack_social_post_already_shared":true,"jetpack_social_options":{"image_generator_settings":{"template":"highway","default_image_id":0,"enabled":false},"version":2}},"categories":[8,1,2,7,3],"tags":[10384,53,3363,4608,15,979,31,8777,42,812,8835,10385,344,13],"class_list":["post-42013","post","type-post","status-publish","format-image","has-post-thumbnail","hentry","category-deliberando","category-diario-armstrong","category-locales","category-politica","category-region","tag-de-que-se","tag-del","tag-dengue","tag-diario-armstrong-y-region","tag-en","tag-gramigna","tag-la","tag-lic-graciela-de-la-casa","tag-los","tag-pedido","tag-preocupacion","tag-trabaje","tag-vecinos","tag-y","post_format-post-format-image"],"jetpack_publicize_connections":[],"jetpack_featured_media_url":"https:\/\/armstrongyregion.com.ar\/diario\/wp-content\/uploads\/2023\/08\/EMI-GRAMIGNA-29-9-23.jpg","jetpack_shortlink":"https:\/\/wp.me\/p62QDO-aVD","jetpack_sharing_enabled":true,"amp_enabled":true,"_links":{"self":[{"href":"https:\/\/armstrongyregion.com.ar\/diario\/wp-json\/wp\/v2\/posts\/42013","targetHints":{"allow":["GET"]}}],"collection":[{"href":"https:\/\/armstrongyregion.com.ar\/diario\/wp-json\/wp\/v2\/posts"}],"about":[{"href":"https:\/\/armstrongyregion.com.ar\/diario\/wp-json\/wp\/v2\/types\/post"}],"author":[{"embeddable":true,"href":"https:\/\/armstrongyregion.com.ar\/diario\/wp-json\/wp\/v2\/users\/1"}],"replies":[{"embeddable":true,"href":"https:\/\/armstrongyregion.com.ar\/diario\/wp-json\/wp\/v2\/comments?post=42013"}],"version-history":[{"count":1,"href":"https:\/\/armstrongyregion.com.ar\/diario\/wp-json\/wp\/v2\/posts\/42013\/revisions"}],"predecessor-version":[{"id":42014,"href":"https:\/\/armstrongyregion.com.ar\/diario\/wp-json\/wp\/v2\/posts\/42013\/revisions\/42014"}],"wp:featuredmedia":[{"embeddable":true,"href":"https:\/\/armstrongyregion.com.ar\/diario\/wp-json\/wp\/v2\/media\/39976"}],"wp:attachment":[{"href":"https:\/\/armstrongyregion.com.ar\/diario\/wp-json\/wp\/v2\/media?parent=42013"}],"wp:term":[{"taxonomy":"category","embeddable":true,"href":"https:\/\/armstrongyregion.com.ar\/diario\/wp-json\/wp\/v2\/categories?post=42013"},{"taxonomy":"post_tag","embeddable":true,"href":"https:\/\/armstrongyregion.com.ar\/diario\/wp-json\/wp\/v2\/tags?post=42013"}],"curies":[{"name":"wp","href":"https:\/\/api.w.org\/{rel}","templated":true}]}}