{"id":42007,"date":"2024-03-12T23:38:44","date_gmt":"2024-03-12T23:38:44","guid":{"rendered":"https:\/\/armstrongyregion.com.ar\/diario\/?p=42007"},"modified":"2024-03-12T23:38:46","modified_gmt":"2024-03-12T23:38:46","slug":"paritaria-docente-la-reunion-volvio-a-reprogramarse-por-pedido-del-ministerio-de-educacion","status":"publish","type":"post","link":"https:\/\/armstrongyregion.com.ar\/diario\/paritaria-docente-la-reunion-volvio-a-reprogramarse-por-pedido-del-ministerio-de-educacion\/","title":{"rendered":"Paritaria docente: la reuni\u00f3n volvi\u00f3 a reprogramarse por pedido del Ministerio de Educaci\u00f3n."},"content":{"rendered":"\n<figure class=\"wp-block-image size-full\"><a href=\"http:\/\/armstrongyregion.com.ar\/diario\/wp-content\/uploads\/2024\/03\/paritaria_docente_1.png_1756841869.png\"><img loading=\"lazy\" decoding=\"async\" width=\"800\" height=\"450\" src=\"http:\/\/armstrongyregion.com.ar\/diario\/wp-content\/uploads\/2024\/03\/paritaria_docente_1.png_1756841869.png\" alt=\"\" class=\"wp-image-42008\" srcset=\"https:\/\/armstrongyregion.com.ar\/diario\/wp-content\/uploads\/2024\/03\/paritaria_docente_1.png_1756841869.png 800w, https:\/\/armstrongyregion.com.ar\/diario\/wp-content\/uploads\/2024\/03\/paritaria_docente_1.png_1756841869-300x169.png 300w, https:\/\/armstrongyregion.com.ar\/diario\/wp-content\/uploads\/2024\/03\/paritaria_docente_1.png_1756841869-768x432.png 768w\" sizes=\"auto, (max-width: 800px) 100vw, 800px\" \/><\/a><\/figure>\n\n\n\n<h2 class=\"wp-block-heading\">El encuentro estaba previsto originalmente para el jueves pasado y se posterg\u00f3 para este martes por el paro de los gremios de maestros. Ahora, se defini\u00f3 una nueva fecha para este mi\u00e9rcoles 13 a las 17.<\/h2>\n\n\n\n<p>La reuni\u00f3n paritaria que estaba prevista para este martes a las 17 entre los funcionarios provinciales y representantes de los gremios docentes\u00a0<strong>se volvi\u00f3 a reprogramar para este mi\u00e9rcoles a la misma<\/strong>\u00a0hora, por pedido del Ministerio de Educaci\u00f3n de Santa Fe sin que se difundan los motivos.\u00a0<\/p>\n\n\n\n<p>La expectativa de los gremios es&nbsp;<strong>escuchar una nueva oferta del gobierno santafesino luego del rechazo de la anterior oferta<\/strong>&nbsp;que deriv\u00f3 en dos paros de 48 horas las \u00faltimas dos semanas.<\/p>\n\n\n\n<p>De hecho, por las huelgas de la semana pasada, se pospuso la convocatoria a paritaria que originalmente hab\u00eda sido programada para el jueves 7 de marzo y pas\u00f3 para este martes 12.<\/p>\n\n\n\n<p>Como consecuencia de la nueva postergaci\u00f3n al mi\u00e9rcoles 13, Amsaf\u00e9 Rosario anunci\u00f3 la\u00a0<strong>suspensi\u00f3n de la asamblea departamental<\/strong>\u00a0convocada para este mi\u00e9rcoles a la tarde a la espera de\u00a0los resultados de la reuni\u00f3n y para conocer si hay una nueva propuesta de aumento.<\/p>\n\n\n\n<p>El \u00faltimo ofrecimiento<strong>\u00a0fue un 7% a partir del mes de marzo.<\/strong>\u00a0Desde el Ejecutivo le suman a esa propuesta el 36,4 por ciento correspondiente al cierre de la paritaria 2023 y por eso sostienen que la propuesta supera el 40%.<\/p>\n\n\n\n<p>Antes del encuentro en Santa Fe,\u00a0<strong>la Ctera participar\u00e1 de la convocatoria para la paritaria nacional docente<\/strong>.\u00a0\u00a0En el \u00faltimo encuentro, los gremios nacionales rechazaron por insuficiente la propuesta de un salario m\u00ednimo de 310.000 pesos. Para esta nueva reuni\u00f3n se espera que Naci\u00f3n confirme el quite del Fondo Nacional Docente, algo que ya activ\u00f3 algunos mecanismos legales para intentar recuperarlo.<\/p>\n\n\n\n<p>Rosario3.com<\/p>\n\n\n\n<p><\/p>\n","protected":false},"excerpt":{"rendered":"<p>Paritaria docente: la reuni\u00f3n volvi\u00f3 a reprogramarse por pedido del Ministerio de Educaci\u00f3n.<\/p>\n","protected":false},"author":1,"featured_media":42008,"comment_status":"open","ping_status":"open","sticky":false,"template":"","format":"image","meta":{"_jetpack_memberships_contains_paid_content":false,"footnotes":"","jetpack_publicize_message":"","jetpack_publicize_feature_enabled":true,"jetpack_social_post_already_shared":true,"jetpack_social_options":{"image_generator_settings":{"template":"highway","default_image_id":0,"enabled":false},"version":2}},"categories":[8,1,2,7,3],"tags":[33,19,53,4608,8969,8618,31,8777,10133,812,60,10380,462,1610],"class_list":["post-42007","post","type-post","status-publish","format-image","has-post-thumbnail","hentry","category-deliberando","category-diario-armstrong","category-locales","category-politica","category-region","tag-a","tag-de","tag-del","tag-diario-armstrong-y-region","tag-docente-2","tag-educacion-2","tag-la","tag-lic-graciela-de-la-casa","tag-paritaria","tag-pedido","tag-por","tag-reprogramarse","tag-reunion","tag-volvio","post_format-post-format-image"],"jetpack_publicize_connections":[],"jetpack_featured_media_url":"https:\/\/armstrongyregion.com.ar\/diario\/wp-content\/uploads\/2024\/03\/paritaria_docente_1.png_1756841869.png","jetpack_shortlink":"https:\/\/wp.me\/p62QDO-aVx","jetpack_sharing_enabled":true,"amp_enabled":true,"_links":{"self":[{"href":"https:\/\/armstrongyregion.com.ar\/diario\/wp-json\/wp\/v2\/posts\/42007","targetHints":{"allow":["GET"]}}],"collection":[{"href":"https:\/\/armstrongyregion.com.ar\/diario\/wp-json\/wp\/v2\/posts"}],"about":[{"href":"https:\/\/armstrongyregion.com.ar\/diario\/wp-json\/wp\/v2\/types\/post"}],"author":[{"embeddable":true,"href":"https:\/\/armstrongyregion.com.ar\/diario\/wp-json\/wp\/v2\/users\/1"}],"replies":[{"embeddable":true,"href":"https:\/\/armstrongyregion.com.ar\/diario\/wp-json\/wp\/v2\/comments?post=42007"}],"version-history":[{"count":1,"href":"https:\/\/armstrongyregion.com.ar\/diario\/wp-json\/wp\/v2\/posts\/42007\/revisions"}],"predecessor-version":[{"id":42009,"href":"https:\/\/armstrongyregion.com.ar\/diario\/wp-json\/wp\/v2\/posts\/42007\/revisions\/42009"}],"wp:featuredmedia":[{"embeddable":true,"href":"https:\/\/armstrongyregion.com.ar\/diario\/wp-json\/wp\/v2\/media\/42008"}],"wp:attachment":[{"href":"https:\/\/armstrongyregion.com.ar\/diario\/wp-json\/wp\/v2\/media?parent=42007"}],"wp:term":[{"taxonomy":"category","embeddable":true,"href":"https:\/\/armstrongyregion.com.ar\/diario\/wp-json\/wp\/v2\/categories?post=42007"},{"taxonomy":"post_tag","embeddable":true,"href":"https:\/\/armstrongyregion.com.ar\/diario\/wp-json\/wp\/v2\/tags?post=42007"}],"curies":[{"name":"wp","href":"https:\/\/api.w.org\/{rel}","templated":true}]}}