{"id":41996,"date":"2024-03-12T03:46:43","date_gmt":"2024-03-12T03:46:43","guid":{"rendered":"https:\/\/armstrongyregion.com.ar\/diario\/?p=41996"},"modified":"2024-03-12T04:15:42","modified_gmt":"2024-03-12T04:15:42","slug":"fuerte-respaldo-de-la-multisectorial-por-la-paz-hay-que-dar-la-pelea-espalda-con-espalda","status":"publish","type":"post","link":"https:\/\/armstrongyregion.com.ar\/diario\/fuerte-respaldo-de-la-multisectorial-por-la-paz-hay-que-dar-la-pelea-espalda-con-espalda\/","title":{"rendered":"Fuerte respaldo de la Multisectorial por la Paz: \u201cHay que dar la pelea espalda con espalda\u00bb"},"content":{"rendered":"\n<figure class=\"wp-block-image size-full\"><a href=\"http:\/\/armstrongyregion.com.ar\/diario\/wp-content\/uploads\/2024\/03\/multisectorial.jpg\"><img loading=\"lazy\" decoding=\"async\" width=\"800\" height=\"534\" src=\"http:\/\/armstrongyregion.com.ar\/diario\/wp-content\/uploads\/2024\/03\/multisectorial.jpg\" alt=\"\" class=\"wp-image-41997\" srcset=\"https:\/\/armstrongyregion.com.ar\/diario\/wp-content\/uploads\/2024\/03\/multisectorial.jpg 800w, https:\/\/armstrongyregion.com.ar\/diario\/wp-content\/uploads\/2024\/03\/multisectorial-300x200.jpg 300w, https:\/\/armstrongyregion.com.ar\/diario\/wp-content\/uploads\/2024\/03\/multisectorial-768x513.jpg 768w\" sizes=\"auto, (max-width: 800px) 100vw, 800px\" \/><\/a><\/figure>\n\n\n\n<h2 class=\"wp-block-heading\">Representantes de diferentes organizaciones y entidades rosarinas se reunieron con el Gobernador, la vice y el Intendente. \u201cAsumimos colectivamente que esto es no la pelea de un gobierno contra un conjunto de mafias; es la pelea de una sociedad, de la gente buena que quiere vivir en paz, contra esas mafias\u201d, remarcaron.<\/h2>\n\n\n\n<figure class=\"wp-block-embed is-type-video is-provider-youtube wp-block-embed-youtube wp-embed-aspect-16-9 wp-has-aspect-ratio\"><div class=\"wp-block-embed__wrapper\">\n<iframe loading=\"lazy\" title=\"Diario Armstrong y Region. Fuerte respaldo de la multisectorial por la paz. Lic. Graciela De la Casa\" width=\"800\" height=\"450\" src=\"https:\/\/www.youtube.com\/embed\/ZnY3dv1e0SA?feature=oembed\" frameborder=\"0\" allow=\"accelerometer; autoplay; clipboard-write; encrypted-media; gyroscope; picture-in-picture; web-share\" allowfullscreen><\/iframe>\n<\/div><figcaption class=\"wp-element-caption\"><a rel=\"noreferrer noopener\" href=\"https:\/\/www.santafe.gob.ar\/noticias\/recursos\/videosHD\/2024\/03\/2024-03-11NID_279894O_1.mp4\" target=\"_blank\">Simioni &#8211; Bertolacci &#8211; Scaglia<\/a><\/figcaption><\/figure>\n\n\n\n<p>La Multisectorial por la Paz en Rosario recibi\u00f3 al gobernador de la Provincia de Santa Fe, Maximiliano Pullaro, a la vicegobernadora Gisela Scaglia, y al intendente de la ciudad, Pablo Javkin, para interiorizarse sobre las medidas de seguridad adoptadas tras los hechos de violencia de d\u00edas atr\u00e1s. Fue en la tarde de este lunes, en la sede de la Bolsa de Comercio de Rosario.<\/p>\n\n\n\n<p>Tras escuchar la presentaci\u00f3n de Pullaro, el rector de la Universidad Nacional de Rosario, Franco Bartolacci, remarc\u00f3: \u201cConfieso, al menos mi experiencia y creo que puede valer como voz de muchas y muchos de los que estamos ac\u00e1, que de todos los encuentros institucionales que tuvimos, y fueron muchos, nunca jam\u00e1s se nos habl\u00f3 con tanta franqueza y sinceridad respecto de lo que est\u00e1 pasando y hacia d\u00f3nde vamos, y particularmente, nunca percib\u00ed tanta firmeza, la decisi\u00f3n de avanzar como se est\u00e1 avanzando hoy, para que en esta ciudad y en esta provincia, podamos volver a vivir en paz\u201d. Y agreg\u00f3: \u201cS\u00e9 que esto es dif\u00edcil y requiere de mucho coraje. Agradezco al gobernador su actitud, y quiero en nombre de todos los que estamos ac\u00e1, volver a poner a disposici\u00f3n de las autoridades en todos sus niveles, todos los recursos que tengamos a nuestro alcance para contribuir con esta tarea, y que asumamos colectivamente que esto es no la pelea de un gobierno contra un conjunto de mafias, es la pelea de una sociedad, de la gente buena que quiere vivir en paz, contra esas mafias. Y en esa pelea, estamos espalda con espalda, cada quien haci\u00e9ndose cargo de lo que le corresponde\u201d.<\/p>\n\n\n\n<p>En esa l\u00ednea, la vicegobernadora de la provincia, Gisela Scaglia transmiti\u00f3 seguridad a los ciudadanos rosarinos: \u201cEl dolor nos cruza a todos y la verdad que la situaci\u00f3n de dolor y angustia la vamos a tener, pero quiero transmitirles a todos la seguridad que hay un gobernador que se est\u00e1 haciendo cargo, que est\u00e1 al frente de la situaci\u00f3n\u201d.<\/p>\n\n\n\n<p>\u201cAc\u00e1 no hay que ceder y no hay que retroceder, porque si lo hacemos perdemos una batalla que es tambi\u00e9n de todos los argentinos de bien. Por eso, tranquilidad a los rosarinos porque tenemos un gobernador con tanta valent\u00eda que a m\u00ed me genera mucho orgullo ser parte del gobierno que encabeza\u201d, subray\u00f3 la funcionaria.<\/p>\n\n\n\n<p>Por su parte, el presidente de la Bolsa de Comercio de Rosario, Miguel Simioni, destac\u00f3: \u201cEsta es una red de trabajo donde est\u00e1 representada la sociedad rosarina, donde est\u00e1 representada la sociedad santafesina. Queda muy claro que fuera de la ley est\u00e1n los delincuentes y del otro lado est\u00e1n las personas que quieren vivir en paz, en libertad y en trabajo como es sobre todo esta ciudad de Rosario\u201d.<\/p>\n\n\n\n<p>\u201cVamos a seguir como una asamblea permanente en esta multisectorial -anticip\u00f3 Simioni-. El Gobernador ha tenido la deferencia de venir a contarnos realmente detalladamente c\u00f3mo se fueron sucediendo los hechos y las medidas que se van a tomar, y se ha comprometido a mantenernos informados de manera continua y permanente\u201d.<\/p>\n\n\n\n<figure class=\"wp-block-image\"><img decoding=\"async\" src=\"https:\/\/ci3.googleusercontent.com\/meips\/ADKq_NZ7An449TEjuipk53msEjBPSgaeW1qED9XSUCok1HSLVkDHrDQH_P6H0g1c2ASyhUaNb6cCO8KcCSh8lRr7_CQIUHWoMJUgnqmTYN4KG6gBrkFT6xjdPH2tf-a5OuQ9eCL_-lKcAYdknB31I3E=s0-d-e1-ft#https:\/\/www.santafe.gob.ar\/noticias\/recursos\/fotos\/2024\/03\/2024-03-11NID_279894O_2.jpeg\" alt=\"\"\/><\/figure>\n\n\n\n<p>Adem\u00e1s de m\u00e1s de medio centenar de representantes de las entidades que integran la Multisectorial, participaron del encuentro los ministros de Gobierno e Innovaci\u00f3n P\u00fablica, Fabi\u00e1n Bastia, y de Desarrollo Productivo, Gustavo Puccini; el Secretario General, Juan Cruz C\u00e1ndido; la diputada provincial, Clara Garc\u00eda, y la presidenta del Concejo de la ciudad de Rosario, Mar\u00eda Eugenia Schmuck, entre otros.<\/p>\n","protected":false},"excerpt":{"rendered":"<p>Fuerte respaldo de la Multisectorial por la Paz: \u201cHay que dar la pelea espalda con espalda\u00bb<\/p>\n","protected":false},"author":1,"featured_media":41997,"comment_status":"open","ping_status":"open","sticky":false,"template":"","format":"image","meta":{"_jetpack_memberships_contains_paid_content":false,"footnotes":"","jetpack_publicize_message":"","jetpack_publicize_feature_enabled":true,"jetpack_social_post_already_shared":true,"jetpack_social_options":{"image_generator_settings":{"template":"highway","default_image_id":0,"enabled":false},"version":2}},"categories":[8,1,2,7,3],"tags":[20,19,4608,8820,31,8777,4048,3186,60,638],"class_list":["post-41996","post","type-post","status-publish","format-image","has-post-thumbnail","hentry","category-deliberando","category-diario-armstrong","category-locales","category-politica","category-region","tag-armstrong","tag-de","tag-diario-armstrong-y-region","tag-fuerte-2","tag-la","tag-lic-graciela-de-la-casa","tag-multisectorial","tag-paz","tag-por","tag-respaldo","post_format-post-format-image"],"jetpack_publicize_connections":[],"jetpack_featured_media_url":"https:\/\/armstrongyregion.com.ar\/diario\/wp-content\/uploads\/2024\/03\/multisectorial.jpg","jetpack_shortlink":"https:\/\/wp.me\/p62QDO-aVm","jetpack_sharing_enabled":true,"amp_enabled":true,"_links":{"self":[{"href":"https:\/\/armstrongyregion.com.ar\/diario\/wp-json\/wp\/v2\/posts\/41996","targetHints":{"allow":["GET"]}}],"collection":[{"href":"https:\/\/armstrongyregion.com.ar\/diario\/wp-json\/wp\/v2\/posts"}],"about":[{"href":"https:\/\/armstrongyregion.com.ar\/diario\/wp-json\/wp\/v2\/types\/post"}],"author":[{"embeddable":true,"href":"https:\/\/armstrongyregion.com.ar\/diario\/wp-json\/wp\/v2\/users\/1"}],"replies":[{"embeddable":true,"href":"https:\/\/armstrongyregion.com.ar\/diario\/wp-json\/wp\/v2\/comments?post=41996"}],"version-history":[{"count":2,"href":"https:\/\/armstrongyregion.com.ar\/diario\/wp-json\/wp\/v2\/posts\/41996\/revisions"}],"predecessor-version":[{"id":42002,"href":"https:\/\/armstrongyregion.com.ar\/diario\/wp-json\/wp\/v2\/posts\/41996\/revisions\/42002"}],"wp:featuredmedia":[{"embeddable":true,"href":"https:\/\/armstrongyregion.com.ar\/diario\/wp-json\/wp\/v2\/media\/41997"}],"wp:attachment":[{"href":"https:\/\/armstrongyregion.com.ar\/diario\/wp-json\/wp\/v2\/media?parent=41996"}],"wp:term":[{"taxonomy":"category","embeddable":true,"href":"https:\/\/armstrongyregion.com.ar\/diario\/wp-json\/wp\/v2\/categories?post=41996"},{"taxonomy":"post_tag","embeddable":true,"href":"https:\/\/armstrongyregion.com.ar\/diario\/wp-json\/wp\/v2\/tags?post=41996"}],"curies":[{"name":"wp","href":"https:\/\/api.w.org\/{rel}","templated":true}]}}