{"id":41989,"date":"2024-03-12T03:33:28","date_gmt":"2024-03-12T03:33:28","guid":{"rendered":"https:\/\/armstrongyregion.com.ar\/diario\/?p=41989"},"modified":"2024-03-12T03:33:31","modified_gmt":"2024-03-12T03:33:31","slug":"provincia-y-nacion-extreman-medidas-para-combatir-la-violencia-en-rosario","status":"publish","type":"post","link":"https:\/\/armstrongyregion.com.ar\/diario\/provincia-y-nacion-extreman-medidas-para-combatir-la-violencia-en-rosario\/","title":{"rendered":"Provincia y Naci\u00f3n extreman medidas para combatir la violencia en Rosario."},"content":{"rendered":"\n<figure class=\"wp-block-image size-full\"><a href=\"http:\/\/armstrongyregion.com.ar\/diario\/wp-content\/uploads\/2024\/03\/foto-pcia-11-3-24-.jpg\"><img loading=\"lazy\" decoding=\"async\" width=\"800\" height=\"534\" src=\"http:\/\/armstrongyregion.com.ar\/diario\/wp-content\/uploads\/2024\/03\/foto-pcia-11-3-24-.jpg\" alt=\"\" class=\"wp-image-41990\" srcset=\"https:\/\/armstrongyregion.com.ar\/diario\/wp-content\/uploads\/2024\/03\/foto-pcia-11-3-24-.jpg 800w, https:\/\/armstrongyregion.com.ar\/diario\/wp-content\/uploads\/2024\/03\/foto-pcia-11-3-24--300x200.jpg 300w, https:\/\/armstrongyregion.com.ar\/diario\/wp-content\/uploads\/2024\/03\/foto-pcia-11-3-24--768x513.jpg 768w\" sizes=\"auto, (max-width: 800px) 100vw, 800px\" \/><\/a><\/figure>\n\n\n\n<h2 class=\"wp-block-heading\">El gobernador Maximiliano Pullaro asegur\u00f3 que \u201cno vamos a escatimar recursos\u201d en la lucha contra el delito; la ministra de Seguridad de la Naci\u00f3n, Patricia Bullrich, anunci\u00f3 la llegada de m\u00e1s de 450 efectivos federales, nuevas zonas de alto riesgo, mayor saturaci\u00f3n, medidas judiciales excepcionales y equipos de investigaci\u00f3n.<\/h2>\n\n\n\n<p>El gobernador de la provincia, Maximiliano Pullaro, junto con los ministros nacionales de Seguridad, Patricia Bullrich, y de Defensa, Luis Petri, anunciaron este lunes una serie de medidas para reforzar la lucha contra las bandas narcocriminales en la ciudad de Rosario.<br><br>El acto, que se realiz\u00f3 en la sede de Gobierno en la ciudad de Rosario, cont\u00f3 tambi\u00e9n con la presencia de la vicegobernadora Gisela Scaglia, el intendente local, Pablo Javkin, adem\u00e1s del ministro de Justicia y Seguridad, Pablo Cococcioni y la fiscal general del MPA, Mar\u00eda Cecilia Vranicich. All\u00ed, Pullaro asegur\u00f3 que \u201cno vamos a escatimar ning\u00fan recurso para dar con los responsables materiales que a\u00fan faltan identificar\u201d, en referencia a los cr\u00edmenes cometidos en los \u00faltimos d\u00edas, donde fueron asesinados ciudadanos inocentes. \u201cEl Gobierno provincial va a poner todos los recursos que tiene a su alcance para dar con los autores materiales e intelectuales\u201d, y destac\u00f3 \u201cel intenso trabajo que llev\u00f3 adelante el Ministerio P\u00fablico de la Acusaci\u00f3n y las unidades investigativas de la Polic\u00eda de Investigaciones y de todas las fuerzas\u201d.<br><br>\u201cQueremos dar con los responsables intelectuales y para eso el Gobierno ofrece, en cada una de estas causas, una recompensa de 10 millones de pesos para el que nos d\u00e9 datos certeros y nos permita saber qui\u00e9nes fueron todos los que planificaron y todos quienes ejecutaron estos hechos\u201d, record\u00f3 el mandatario.<br><br><strong>Acorralar y terminar con las bandas<\/strong><br>En la conferencia, Patricia Bullrich confirm\u00f3 el env\u00edo de 450 efectivos federales a Rosario, que anunciara en sus redes el presidente Javier Milei. Y agreg\u00f3: \u201cEste es el n\u00famero para comenzar, pero nosotros queremos plantear que ac\u00e1 va a haber un trabajo como lo dije antes con grupos muy especializados de investigaci\u00f3n porque no es solamente tener presencia, es saber d\u00f3nde y c\u00f3mo golpeamos, a qui\u00e9n buscamos, cu\u00e1ntas armas queremos sacar de Rosario y qu\u00e9 instrumentos jur\u00eddicos vamos a tener para lograr r\u00e1pidamente allanar a partir de la informaci\u00f3n que tengamos\u201d.<br><br>La funcionaria nacional dej\u00f3 en claro que \u201cesta estrategia que nosotros hemos llevado adelante, la vamos a continuar\u201d, y anunci\u00f3 que \u201cestamos trabajando en un nuevo dise\u00f1o m\u00e1s fuerte, m\u00e1s a fondo que va a llevar al acorralamiento y al encerramiento de todos y cada uno de los miembros de estas bandas\u201d, y anunci\u00f3 que \u201cprimero vamos a pedirle a la Justicia la utilizaci\u00f3n de la Ley Antiterrorista, que indica que toda acci\u00f3n que tenga por objeto amedrentar a la poblaci\u00f3n y sembrar el terror, tiene doble pena\u201d. Y continu\u00f3: \u201cY segundo, estamos enviando al Congreso de la Naci\u00f3n la ley \u2018antimafia\u2019 o \u2018antibanda\u2019 que tipifica una persecuci\u00f3n penal sobre el crimen organizado tomando los cr\u00edmenes de estas bandas y adjudic\u00e1ndoselos a todos sus integrantes\u201d.<\/p>\n\n\n\n<p><img decoding=\"async\" alt=\"\" src=\"https:\/\/ci3.googleusercontent.com\/meips\/ADKq_NYxAsFSSWG_TEz3rRREY88sC4NaA7xH-tbTaaprGn_kl85Y7yk_9iGkV70EHYD__Qqeo2nf3jmwSeqPojXGtyDRY7wotdXWeUFt96EYfyVD0PxUv3rVam_196oNGEgEqeQl5v3eM9mNIeaciLI=s0-d-e1-ft#https:\/\/www.santafe.gov.ar\/noticias\/recursos\/fotos\/2024\/03\/2024-03-11NID_279887O_2.jpeg\"><br><br><strong>Compromiso<\/strong><br>La ministra tambi\u00e9n cont\u00f3 que se solicitar\u00e1 a la Justicia \u201cmedidas excepcionales a la altura del desaf\u00edo que tenemos para trabajar contra los narcocriminales terroristas. El objetivo que nos vamos a plantear es sacar las armas que han crecido y que atentan contra la vida de la gente; para eso vamos a tener reuniones con los jueces, que van a tener un car\u00e1cter confidencial, para plantear un modelo operacional diferente que nos permita tener la capacidad de controlar, que Rosario no sea la ciudad con m\u00e1s armas de todo el pa\u00eds\u201d.<br><br>\u201cVamos a incrementar las operaciones de saturaci\u00f3n -continu\u00f3 la ministra-, con especial \u00e9nfasis en los horarios cr\u00edticos de las 5 de la tarde a las 7 de la ma\u00f1ana del d\u00eda siguiente, para proteger tambi\u00e9n la noche. \u00c9stos equipos de inteligencia criminal y de investigaci\u00f3n ser\u00e1n para perseguir sicarios, extorsionadores, lavadores de dinero; vamos a trabajar fuerte sobre el lavado de dinero\u201d.<br><br>En ese sentido, Bullrich pidi\u00f3 \u201cel apoyo de los diputados y senadores nacionales a estas leyes, que van a ser el cambio real que nos va a permitir poder tomar al conjunto de las bandas\u201d.<br><br>Finalmente, la ministra expres\u00f3 el \u201cabsoluto compromiso\u201d en esta lucha, \u201cno nos van a doblar los brazos, no vamos a aflojar, no vamos a dejar que Rosario sea una tierra narco y de terroristas, vamos a luchar todos los d\u00edas con toda las fuerzas para que esto no suceda\u201d, y pidi\u00f3 a la poblaci\u00f3n \u201cel acompa\u00f1amiento, estamos en un momento dif\u00edcil, pero vamos a proteger la vida de todos los ciudadanos con todas las fuerzas que tenemos\u201d, asegur\u00f3.<\/p>\n","protected":false},"excerpt":{"rendered":"<p>Provincia y Naci\u00f3n extreman medidas para combatir la violencia en Rosario.<\/p>\n","protected":false},"author":1,"featured_media":41990,"comment_status":"open","ping_status":"open","sticky":false,"template":"","format":"image","meta":{"_jetpack_memberships_contains_paid_content":false,"footnotes":"","jetpack_publicize_message":"","jetpack_publicize_feature_enabled":true,"jetpack_social_post_already_shared":true,"jetpack_social_options":{"image_generator_settings":{"template":"highway","default_image_id":0,"enabled":false},"version":2}},"categories":[8,1,2,2852,7,3],"tags":[20,5016,4336,4608,15,10377,31,8777,3364,32,81,8640,8588,1897,13],"class_list":["post-41989","post","type-post","status-publish","format-image","has-post-thumbnail","hentry","category-deliberando","category-diario-armstrong","category-locales","category-policiales","category-politica","category-region","tag-armstrong","tag-armstrong-y-region","tag-combatir","tag-diario-armstrong-y-region","tag-en","tag-extreman","tag-la","tag-lic-graciela-de-la-casa","tag-medidas","tag-nacion","tag-para","tag-provincia-2","tag-rosario-2","tag-violencia","tag-y","post_format-post-format-image"],"jetpack_publicize_connections":[],"jetpack_featured_media_url":"https:\/\/armstrongyregion.com.ar\/diario\/wp-content\/uploads\/2024\/03\/foto-pcia-11-3-24-.jpg","jetpack_shortlink":"https:\/\/wp.me\/p62QDO-aVf","jetpack_sharing_enabled":true,"amp_enabled":true,"_links":{"self":[{"href":"https:\/\/armstrongyregion.com.ar\/diario\/wp-json\/wp\/v2\/posts\/41989","targetHints":{"allow":["GET"]}}],"collection":[{"href":"https:\/\/armstrongyregion.com.ar\/diario\/wp-json\/wp\/v2\/posts"}],"about":[{"href":"https:\/\/armstrongyregion.com.ar\/diario\/wp-json\/wp\/v2\/types\/post"}],"author":[{"embeddable":true,"href":"https:\/\/armstrongyregion.com.ar\/diario\/wp-json\/wp\/v2\/users\/1"}],"replies":[{"embeddable":true,"href":"https:\/\/armstrongyregion.com.ar\/diario\/wp-json\/wp\/v2\/comments?post=41989"}],"version-history":[{"count":1,"href":"https:\/\/armstrongyregion.com.ar\/diario\/wp-json\/wp\/v2\/posts\/41989\/revisions"}],"predecessor-version":[{"id":41991,"href":"https:\/\/armstrongyregion.com.ar\/diario\/wp-json\/wp\/v2\/posts\/41989\/revisions\/41991"}],"wp:featuredmedia":[{"embeddable":true,"href":"https:\/\/armstrongyregion.com.ar\/diario\/wp-json\/wp\/v2\/media\/41990"}],"wp:attachment":[{"href":"https:\/\/armstrongyregion.com.ar\/diario\/wp-json\/wp\/v2\/media?parent=41989"}],"wp:term":[{"taxonomy":"category","embeddable":true,"href":"https:\/\/armstrongyregion.com.ar\/diario\/wp-json\/wp\/v2\/categories?post=41989"},{"taxonomy":"post_tag","embeddable":true,"href":"https:\/\/armstrongyregion.com.ar\/diario\/wp-json\/wp\/v2\/tags?post=41989"}],"curies":[{"name":"wp","href":"https:\/\/api.w.org\/{rel}","templated":true}]}}