{"id":41985,"date":"2024-03-12T03:28:27","date_gmt":"2024-03-12T03:28:27","guid":{"rendered":"https:\/\/armstrongyregion.com.ar\/diario\/?p=41985"},"modified":"2024-03-12T03:28:29","modified_gmt":"2024-03-12T03:28:29","slug":"armstrong-informe-area-de-orden-publico-11-03-2024","status":"publish","type":"post","link":"https:\/\/armstrongyregion.com.ar\/diario\/armstrong-informe-area-de-orden-publico-11-03-2024\/","title":{"rendered":"Armstrong. Informe \u00c1rea de Orden P\u00fablico 11\/03\/2024"},"content":{"rendered":"\n<figure class=\"wp-block-image size-full\"><a href=\"http:\/\/armstrongyregion.com.ar\/diario\/wp-content\/uploads\/2024\/03\/ORDEN-PUBLICO-12-3-24-.jpg\"><img loading=\"lazy\" decoding=\"async\" width=\"800\" height=\"450\" src=\"http:\/\/armstrongyregion.com.ar\/diario\/wp-content\/uploads\/2024\/03\/ORDEN-PUBLICO-12-3-24-.jpg\" alt=\"\" class=\"wp-image-41986\" srcset=\"https:\/\/armstrongyregion.com.ar\/diario\/wp-content\/uploads\/2024\/03\/ORDEN-PUBLICO-12-3-24-.jpg 800w, https:\/\/armstrongyregion.com.ar\/diario\/wp-content\/uploads\/2024\/03\/ORDEN-PUBLICO-12-3-24--300x169.jpg 300w, https:\/\/armstrongyregion.com.ar\/diario\/wp-content\/uploads\/2024\/03\/ORDEN-PUBLICO-12-3-24--768x432.jpg 768w\" sizes=\"auto, (max-width: 800px) 100vw, 800px\" \/><\/a><\/figure>\n\n\n\n<p>El \u00c1rea de Orden P\u00fablico de la Municipalidad de Armstrong inform\u00f3 que en el transcurso de la<br>\u00faltima semana se procedi\u00f3 a realizar recorridos en coordinaci\u00f3n con Polic\u00eda y central de monitoreo<br>para acciones de prevenci\u00f3n de faltas y delitos, con presencia efectiva en barrio FoNaVi Sur<br>incluyendo plaza Nona Rocha.<br>En distintos d\u00edas y horarios junto a polic\u00eda vial, Comisar\u00eda Tercera e inspectores de tr\u00e1nsito se<br>realizaron controles vehiculares con se\u00f1alizaci\u00f3n en Ruta 9 y calle Paraguay, y en Camino 14 y Ruta<\/p>\n\n\n\n<ol class=\"wp-block-list\" start=\"9\">\n<li>Resultado: 72 veh\u00edculos identificados, 7 infracciones, y 2 secuestros de motoveh\u00edculos por falta de<br>seguro.<br>Con presencia policial preventiva se procedi\u00f3 al secuestro de un motoveh\u00edculo conducido por un<br>mayor de edad por falta de documentaci\u00f3n exigible para circular y escape ruidoso; y un segundo<br>motoveh\u00edculo conducido por un masculino mayor de edad por escape ruidoso y falta de seguro<br>obligatorio. En ambos casos interviene el Juzgado Municipal de Faltas.<br>Polic\u00eda local en conjunto con inspectores de Tr\u00e1nsito municipal realizaron diligencias de<br>identificaci\u00f3n sobre un veh\u00edculo marca Ford Ranger, doble cabina, el cual se encontraba estacionado<br>en la v\u00eda p\u00fablica, sin ocupantes, tampoco se pudo identificar a los responsables del mismo. Algunos<br>datos de la identificaci\u00f3n no coincid\u00edan con el dominio ostensible de la pick up. Polic\u00eda dio aviso a<br>Fiscal\u00eda de competencia y se la resguard\u00f3 en car\u00e1cter de secuestro. Luego, con la actuaci\u00f3n de<br>personal policial especializado, se determina finalmente que \u00e9sta era de procedencia il\u00edcita\/robada.<br>El d\u00eda s\u00e1bado 9 con presencia policial preventiva se realiz\u00f3 el secuestro de prendas de vestir por<br>venta ambulante no autorizada. El infractor hab\u00eda sido apercibido anteriormente. Interviene el<br>Juzgado Municipal de Faltas.<\/li>\n<\/ol>\n","protected":false},"excerpt":{"rendered":"<p>Armstrong. Informe \u00c1rea de Orden P\u00fablico 11\/03\/2024<\/p>\n","protected":false},"author":1,"featured_media":41986,"comment_status":"open","ping_status":"open","sticky":false,"template":"","format":"image","meta":{"_jetpack_memberships_contains_paid_content":false,"footnotes":"","jetpack_publicize_message":"","jetpack_publicize_feature_enabled":true,"jetpack_social_post_already_shared":true,"jetpack_social_options":{"image_generator_settings":{"template":"highway","default_image_id":0,"enabled":false},"version":2}},"categories":[8,1,7,3],"tags":[903,20,4608,8653,8777,1570,8773],"class_list":["post-41985","post","type-post","status-publish","format-image","has-post-thumbnail","hentry","category-deliberando","category-diario-armstrong","category-politica","category-region","tag-area","tag-armstrong","tag-diario-armstrong-y-region","tag-informe-2","tag-lic-graciela-de-la-casa","tag-orden","tag-publico-3","post_format-post-format-image"],"jetpack_publicize_connections":[],"jetpack_featured_media_url":"https:\/\/armstrongyregion.com.ar\/diario\/wp-content\/uploads\/2024\/03\/ORDEN-PUBLICO-12-3-24-.jpg","jetpack_shortlink":"https:\/\/wp.me\/p62QDO-aVb","jetpack_sharing_enabled":true,"amp_enabled":true,"_links":{"self":[{"href":"https:\/\/armstrongyregion.com.ar\/diario\/wp-json\/wp\/v2\/posts\/41985","targetHints":{"allow":["GET"]}}],"collection":[{"href":"https:\/\/armstrongyregion.com.ar\/diario\/wp-json\/wp\/v2\/posts"}],"about":[{"href":"https:\/\/armstrongyregion.com.ar\/diario\/wp-json\/wp\/v2\/types\/post"}],"author":[{"embeddable":true,"href":"https:\/\/armstrongyregion.com.ar\/diario\/wp-json\/wp\/v2\/users\/1"}],"replies":[{"embeddable":true,"href":"https:\/\/armstrongyregion.com.ar\/diario\/wp-json\/wp\/v2\/comments?post=41985"}],"version-history":[{"count":2,"href":"https:\/\/armstrongyregion.com.ar\/diario\/wp-json\/wp\/v2\/posts\/41985\/revisions"}],"predecessor-version":[{"id":41988,"href":"https:\/\/armstrongyregion.com.ar\/diario\/wp-json\/wp\/v2\/posts\/41985\/revisions\/41988"}],"wp:featuredmedia":[{"embeddable":true,"href":"https:\/\/armstrongyregion.com.ar\/diario\/wp-json\/wp\/v2\/media\/41986"}],"wp:attachment":[{"href":"https:\/\/armstrongyregion.com.ar\/diario\/wp-json\/wp\/v2\/media?parent=41985"}],"wp:term":[{"taxonomy":"category","embeddable":true,"href":"https:\/\/armstrongyregion.com.ar\/diario\/wp-json\/wp\/v2\/categories?post=41985"},{"taxonomy":"post_tag","embeddable":true,"href":"https:\/\/armstrongyregion.com.ar\/diario\/wp-json\/wp\/v2\/tags?post=41985"}],"curies":[{"name":"wp","href":"https:\/\/api.w.org\/{rel}","templated":true}]}}