{"id":41967,"date":"2024-03-09T19:45:11","date_gmt":"2024-03-09T19:45:11","guid":{"rendered":"https:\/\/armstrongyregion.com.ar\/diario\/?p=41967"},"modified":"2024-03-09T19:45:13","modified_gmt":"2024-03-09T19:45:13","slug":"armstrong-recepcion-de-envases-y-concientizacion","status":"publish","type":"post","link":"https:\/\/armstrongyregion.com.ar\/diario\/armstrong-recepcion-de-envases-y-concientizacion\/","title":{"rendered":"Armstrong. Recepci\u00f3n de envases y concientizaci\u00f3n."},"content":{"rendered":"\n<figure class=\"wp-block-image size-full\"><a href=\"http:\/\/armstrongyregion.com.ar\/diario\/wp-content\/uploads\/2024\/03\/JORNADA-RESIDUOS-1-.jpg\"><img loading=\"lazy\" decoding=\"async\" width=\"400\" height=\"300\" src=\"http:\/\/armstrongyregion.com.ar\/diario\/wp-content\/uploads\/2024\/03\/JORNADA-RESIDUOS-1-.jpg\" alt=\"\" class=\"wp-image-41968\" srcset=\"https:\/\/armstrongyregion.com.ar\/diario\/wp-content\/uploads\/2024\/03\/JORNADA-RESIDUOS-1-.jpg 400w, https:\/\/armstrongyregion.com.ar\/diario\/wp-content\/uploads\/2024\/03\/JORNADA-RESIDUOS-1--300x225.jpg 300w\" sizes=\"auto, (max-width: 400px) 100vw, 400px\" \/><\/a><\/figure>\n\n\n\n<p>El mi\u00e9rcoles 6 de marzo en la planta de reciclaje de la Municipalidad de Armstrong se llev\u00f3 a cabo<br>una jornada de recepci\u00f3n de envases vac\u00edos de fitosanitarios y concientizaci\u00f3n.<\/p>\n\n\n\n<figure class=\"wp-block-image size-full\"><a href=\"http:\/\/armstrongyregion.com.ar\/diario\/wp-content\/uploads\/2024\/03\/JORNADA-RESIDUOS-2.jpg\"><img loading=\"lazy\" decoding=\"async\" width=\"504\" height=\"378\" src=\"http:\/\/armstrongyregion.com.ar\/diario\/wp-content\/uploads\/2024\/03\/JORNADA-RESIDUOS-2.jpg\" alt=\"\" class=\"wp-image-41969\" srcset=\"https:\/\/armstrongyregion.com.ar\/diario\/wp-content\/uploads\/2024\/03\/JORNADA-RESIDUOS-2.jpg 504w, https:\/\/armstrongyregion.com.ar\/diario\/wp-content\/uploads\/2024\/03\/JORNADA-RESIDUOS-2-300x225.jpg 300w\" sizes=\"auto, (max-width: 504px) 100vw, 504px\" \/><\/a><\/figure>\n\n\n\n<p><br>La misma fue organizada conjuntamente por la Secretar\u00eda de Desarrollo Productivo, la C\u00e1mara Rural<br>del Centro Comercial Industrial y Rural de Armstrong y \u201cCampo Limpio\u201d, organizaci\u00f3n que trabaja a<br>nivel nacional y cuya misi\u00f3n es dise\u00f1ar e implementar un sistema de gesti\u00f3n ambiental para recuperar los<br>envases vac\u00edos de fitosanitarios del campo argentino, promoviendo la sustentabilidad y el cuidado del<br>ambiente.<br>Se recepcionaron envases tipo A, es decir, que los productores y aplicadores de la regi\u00f3n que<br>llegaron al lugar deb\u00edan llevarlos lavados con las t\u00e9cnicas del triple lavado o lavado a presi\u00f3n.<br>En esta oportunidad se recibieron: 1.420 envases de 20 lts., 593 de 10 lts., 1.372 de 5 lts., 21 de 3<br>lts., 881 de 1 lt., y 44 de 0,50 lt. Haciendo un total de 4.331 envases vac\u00edos.<br>Cabe destacar que durante la jornada se cont\u00f3 con la presencia del Ing. Agr\u00f3nomo Marcelo<br>Bargellini, asistente t\u00e9cnico del Ministerio de Ambiente de la Provincia de Santa Fe, y del Ing.<br>Agr\u00f3nomo Bruno Rullo, referente zonal de Campo Limpio.<\/p>\n","protected":false},"excerpt":{"rendered":"<p>Armstrong. Recepci\u00f3n de envases y concientizaci\u00f3n.<\/p>\n","protected":false},"author":1,"featured_media":41968,"comment_status":"open","ping_status":"open","sticky":false,"template":"","format":"image","meta":{"_jetpack_memberships_contains_paid_content":false,"footnotes":"","jetpack_publicize_message":"","jetpack_publicize_feature_enabled":true,"jetpack_social_post_already_shared":true,"jetpack_social_options":{"image_generator_settings":{"template":"highway","default_image_id":0,"enabled":false},"version":2}},"categories":[8,1,2,7],"tags":[5016,3139,19,4608,8777,10368,13],"class_list":["post-41967","post","type-post","status-publish","format-image","has-post-thumbnail","hentry","category-deliberando","category-diario-armstrong","category-locales","category-politica","tag-armstrong-y-region","tag-concientizacion","tag-de","tag-diario-armstrong-y-region","tag-lic-graciela-de-la-casa","tag-recepcion","tag-y","post_format-post-format-image"],"jetpack_publicize_connections":[],"jetpack_featured_media_url":"https:\/\/armstrongyregion.com.ar\/diario\/wp-content\/uploads\/2024\/03\/JORNADA-RESIDUOS-1-.jpg","jetpack_shortlink":"https:\/\/wp.me\/p62QDO-aUT","jetpack_sharing_enabled":true,"amp_enabled":true,"_links":{"self":[{"href":"https:\/\/armstrongyregion.com.ar\/diario\/wp-json\/wp\/v2\/posts\/41967","targetHints":{"allow":["GET"]}}],"collection":[{"href":"https:\/\/armstrongyregion.com.ar\/diario\/wp-json\/wp\/v2\/posts"}],"about":[{"href":"https:\/\/armstrongyregion.com.ar\/diario\/wp-json\/wp\/v2\/types\/post"}],"author":[{"embeddable":true,"href":"https:\/\/armstrongyregion.com.ar\/diario\/wp-json\/wp\/v2\/users\/1"}],"replies":[{"embeddable":true,"href":"https:\/\/armstrongyregion.com.ar\/diario\/wp-json\/wp\/v2\/comments?post=41967"}],"version-history":[{"count":1,"href":"https:\/\/armstrongyregion.com.ar\/diario\/wp-json\/wp\/v2\/posts\/41967\/revisions"}],"predecessor-version":[{"id":41970,"href":"https:\/\/armstrongyregion.com.ar\/diario\/wp-json\/wp\/v2\/posts\/41967\/revisions\/41970"}],"wp:featuredmedia":[{"embeddable":true,"href":"https:\/\/armstrongyregion.com.ar\/diario\/wp-json\/wp\/v2\/media\/41968"}],"wp:attachment":[{"href":"https:\/\/armstrongyregion.com.ar\/diario\/wp-json\/wp\/v2\/media?parent=41967"}],"wp:term":[{"taxonomy":"category","embeddable":true,"href":"https:\/\/armstrongyregion.com.ar\/diario\/wp-json\/wp\/v2\/categories?post=41967"},{"taxonomy":"post_tag","embeddable":true,"href":"https:\/\/armstrongyregion.com.ar\/diario\/wp-json\/wp\/v2\/tags?post=41967"}],"curies":[{"name":"wp","href":"https:\/\/api.w.org\/{rel}","templated":true}]}}