{"id":41964,"date":"2024-03-09T19:34:46","date_gmt":"2024-03-09T19:34:46","guid":{"rendered":"https:\/\/armstrongyregion.com.ar\/diario\/?p=41964"},"modified":"2024-03-09T19:34:48","modified_gmt":"2024-03-09T19:34:48","slug":"una-ley-para-el-campo-seguros-agropecuarios-multirriesgo","status":"publish","type":"post","link":"https:\/\/armstrongyregion.com.ar\/diario\/una-ley-para-el-campo-seguros-agropecuarios-multirriesgo\/","title":{"rendered":"Una ley para el campo: Seguros agropecuarios multirriesgo."},"content":{"rendered":"\n<figure class=\"wp-block-image size-full\"><a href=\"http:\/\/armstrongyregion.com.ar\/diario\/wp-content\/uploads\/2024\/03\/JOAQUIN-BCO-9-3-24-.jpg\"><img loading=\"lazy\" decoding=\"async\" width=\"640\" height=\"426\" src=\"http:\/\/armstrongyregion.com.ar\/diario\/wp-content\/uploads\/2024\/03\/JOAQUIN-BCO-9-3-24-.jpg\" alt=\"\" class=\"wp-image-41965\" srcset=\"https:\/\/armstrongyregion.com.ar\/diario\/wp-content\/uploads\/2024\/03\/JOAQUIN-BCO-9-3-24-.jpg 640w, https:\/\/armstrongyregion.com.ar\/diario\/wp-content\/uploads\/2024\/03\/JOAQUIN-BCO-9-3-24--300x200.jpg 300w\" sizes=\"auto, (max-width: 640px) 100vw, 640px\" \/><\/a><\/figure>\n\n\n\n<h2 class=\"wp-block-heading\"><em>\u201cEs una herramienta que busca proteger a los productores santafesinos frente a riesgos clim\u00e1ticos catastr\u00f3ficos, como sequ\u00edas o inundaciones. Con esta ley queremos cambiar el paradigma desde la prevenci\u00f3n y propone nuevas coberturas\u201d, destac\u00f3 el diputado socialista y autor de la iniciativa, Joaqu\u00edn Blanco.<\/em><\/h2>\n\n\n\n<p>En el marco de la feria agroindustrial Expoagro, el diputado provincial Joaqu\u00edn Blanco (Partido Socialista) present\u00f3 un proyecto de ley para establecer un Sistema Provincial de Seguros Agropecuarios para la Sustentabilidad Productiva. El objetivo es brindar protecci\u00f3n a las inversiones realizadas por productores agr\u00edcolas, pecuarios, forestales y dem\u00e1s cultivos industriales, acu\u00edcolas y pesqueros. \u201cQueremos cambiar el paradigma desde la prevenci\u00f3n mediante la propuesta de nuevas coberturas y que Santa Fe sea pionera a nivel nacional con coberturas que ya existen en otros pa\u00edses pero que en Argentina todav\u00eda no se han trabajado\u201d, expres\u00f3 el autor de la iniciativa.<\/p>\n\n\n\n<p>La actividad se llev\u00f3 a cabo en auditorio de prensa y form\u00f3 parte de la agenda oficial del evento. Cont\u00f3 con la presencia del Ministro de Ambiente y Cambio Clim\u00e1tico de Santa Fe, Enrique Est\u00e9vez; del Secretario de Agricultura y Ganader\u00eda, Ignacio Mantar\u00e1s; como tambi\u00e9n representantes de Federaci\u00f3n Agraria Argentina, Sociedad Rural de Rosario, Coninagro y representantes del Consejo Agroindustrial argentino.<\/p>\n\n\n\n<p>\u201cEn 2024, en Santa Fe queremos dar un salto cualitativo hacia adelante convirti\u00e9ndonos en la primera provincia de la regi\u00f3n n\u00facleo con un sistema de seguros agropecuarios multiriesgo. Es una iniciativa legislativa que venimos trabajando junto a los sectores productivos, las entidades del campo y del sector del seguro, como Adira y Alasa, con ese objetivo\u201d, explic\u00f3 Blanco que ya se encuentra en debate en la Comisi\u00f3n de Agricultura y Ganader\u00eda de la C\u00e1mara de Diputadas y Diputados de Santa Fe.<\/p>\n\n\n\n<p>\u201cVenimos de tres campa\u00f1as atravesadas por la sequ\u00eda, m\u00e1s de 13.000 productores en emergencia, m\u00e1s del 70% del territorio afectado y con una asistencia del Estado que lleg\u00f3 tarde y mal\u201d, record\u00f3 el legislador, que estuvo acompa\u00f1ado por Carlos Comas, en representaci\u00f3n de la Asociaci\u00f3n Latinoamericana para el desarrollo del Seguro Agropecuario (Alasa); Juli\u00e1n Garc\u00eda, de Aseguradores del Interior de la Rep\u00fablica Argentina (Adira); y Gustavo Mina, del Grupo Sancor Seguros y Adira.<\/p>\n\n\n\n<p>\u201cTenemos que ir hacia la prevenci\u00f3n y mitigaci\u00f3n de riesgos y dentro de esa estrategia proponemos una pol\u00edtica de seguros multirriesgo agr\u00edcola que proteja al peque\u00f1o y mediano productor\u201d, plante\u00f3 Blanco, para quien el Estado debe cumplir \u201cun rol inteligente, colaborando con informaci\u00f3n, volcando recursos para que se pueda acceder a estos seguros de manera eficiente, y acercando la demanda de la producci\u00f3n con la oferta, en una provincia que tiene algunas de las aseguradoras m\u00e1s importantes del pa\u00eds\u201d.<\/p>\n\n\n\n<p>El proyecto establece una fuerte articulaci\u00f3n p\u00fablico-privada a trav\u00e9s de la creaci\u00f3n del Organismo T\u00e9cnico Estable Mixto (OTEM) que ser\u00e1 conformado por representantes de todas las partes (Gobierno de Santa Fe, aseguradores, productores, universidades, bolsas de comercio) con el objetivo de definir un plan anual que establezca cu\u00e1les son las zonas geogr\u00e1ficas, tipos de producciones o productores que se prioriza proteger. \u201cBuscamos fortalecer la gesti\u00f3n de los programas de seguro, favoreciendo la generaci\u00f3n de infraestructura y mecanismos que garanticen su efectiva funcionalidad y fomentando la investigaci\u00f3n para extender las coberturas consolidadas comercialmente en el mercado\u201d, ahond\u00f3 el diputado.<\/p>\n\n\n\n<p>Carlos Comas, por su parte, explic\u00f3 que se trata de una propuesta que \u201cse ha implementado en otros pa\u00edses\u201d y el primer paso es contar con \u201cuna ley base para implementarla en forma gradual y con distintos programas, para que se vaya conociendo y adoptando. En el mundo se empieza con los peque\u00f1os productores para ir luego hacia los grandes, pero esto es algo que se define en cada caso\u201d.<\/p>\n\n\n\n<p>Juli\u00e1n Garc\u00eda, en tanto, celebr\u00f3 que \u201cse empiece a recorrer un camino en direcci\u00f3n a establecer una pol\u00edtica\u201d de seguro y confi\u00f3 en poder concretarlo en el menor tiempo posible dado \u201clos fen\u00f3menos aleatorios que enfrentan los productores, con p\u00e9rdidas que han afectado cadenas enteras de valor\u201d.<\/p>\n\n\n\n<p>Gustavo Mina se\u00f1al\u00f3 que el sistema de seguros agropecuarios en Argentina \u201cest\u00e1 bastante desarrollado. El 53% de la superficie cultivada cuenta con alg\u00fan seguro pero b\u00e1sicamente de da\u00f1os, es decir, contra granizo, vientos y heladas. Pero para segu\u00eda e inundaci\u00f3n el nivel de adhesi\u00f3n es muy bajo. Es importante trabajar y la intervenci\u00f3n del Estado es fundamental para definir las prioridades y los programas\u201d.<\/p>\n","protected":false},"excerpt":{"rendered":"<p>Una ley para el campo: Seguros agropecuarios multirriesgo.<\/p>\n","protected":false},"author":1,"featured_media":41965,"comment_status":"open","ping_status":"open","sticky":false,"template":"","format":"image","meta":{"_jetpack_memberships_contains_paid_content":false,"footnotes":"","jetpack_publicize_message":"","jetpack_publicize_feature_enabled":true,"jetpack_social_post_already_shared":true,"jetpack_social_options":{"image_generator_settings":{"template":"highway","default_image_id":0,"enabled":false},"version":2}},"categories":[8,1,2,7,3],"tags":[1924,4608,16,4031,8777,81,103],"class_list":["post-41964","post","type-post","status-publish","format-image","has-post-thumbnail","hentry","category-deliberando","category-diario-armstrong","category-locales","category-politica","category-region","tag-campo","tag-diario-armstrong-y-region","tag-el","tag-ley","tag-lic-graciela-de-la-casa","tag-para","tag-una","post_format-post-format-image"],"jetpack_publicize_connections":[],"jetpack_featured_media_url":"https:\/\/armstrongyregion.com.ar\/diario\/wp-content\/uploads\/2024\/03\/JOAQUIN-BCO-9-3-24-.jpg","jetpack_shortlink":"https:\/\/wp.me\/p62QDO-aUQ","jetpack_sharing_enabled":true,"amp_enabled":true,"_links":{"self":[{"href":"https:\/\/armstrongyregion.com.ar\/diario\/wp-json\/wp\/v2\/posts\/41964","targetHints":{"allow":["GET"]}}],"collection":[{"href":"https:\/\/armstrongyregion.com.ar\/diario\/wp-json\/wp\/v2\/posts"}],"about":[{"href":"https:\/\/armstrongyregion.com.ar\/diario\/wp-json\/wp\/v2\/types\/post"}],"author":[{"embeddable":true,"href":"https:\/\/armstrongyregion.com.ar\/diario\/wp-json\/wp\/v2\/users\/1"}],"replies":[{"embeddable":true,"href":"https:\/\/armstrongyregion.com.ar\/diario\/wp-json\/wp\/v2\/comments?post=41964"}],"version-history":[{"count":1,"href":"https:\/\/armstrongyregion.com.ar\/diario\/wp-json\/wp\/v2\/posts\/41964\/revisions"}],"predecessor-version":[{"id":41966,"href":"https:\/\/armstrongyregion.com.ar\/diario\/wp-json\/wp\/v2\/posts\/41964\/revisions\/41966"}],"wp:featuredmedia":[{"embeddable":true,"href":"https:\/\/armstrongyregion.com.ar\/diario\/wp-json\/wp\/v2\/media\/41965"}],"wp:attachment":[{"href":"https:\/\/armstrongyregion.com.ar\/diario\/wp-json\/wp\/v2\/media?parent=41964"}],"wp:term":[{"taxonomy":"category","embeddable":true,"href":"https:\/\/armstrongyregion.com.ar\/diario\/wp-json\/wp\/v2\/categories?post=41964"},{"taxonomy":"post_tag","embeddable":true,"href":"https:\/\/armstrongyregion.com.ar\/diario\/wp-json\/wp\/v2\/tags?post=41964"}],"curies":[{"name":"wp","href":"https:\/\/api.w.org\/{rel}","templated":true}]}}