{"id":41960,"date":"2024-03-09T19:24:10","date_gmt":"2024-03-09T19:24:10","guid":{"rendered":"https:\/\/armstrongyregion.com.ar\/diario\/?p=41960"},"modified":"2024-03-09T19:24:13","modified_gmt":"2024-03-09T19:24:13","slug":"armstrong-se-habilito-la-primera-muestra-del-ano-en-el-mhm","status":"publish","type":"post","link":"https:\/\/armstrongyregion.com.ar\/diario\/armstrong-se-habilito-la-primera-muestra-del-ano-en-el-mhm\/","title":{"rendered":"Armstrong. Se habilit\u00f3 la primera muestra del a\u00f1o en el MHM."},"content":{"rendered":"\n<figure class=\"wp-block-image size-full\"><a href=\"http:\/\/armstrongyregion.com.ar\/diario\/wp-content\/uploads\/2024\/03\/2.jpg\"><img loading=\"lazy\" decoding=\"async\" width=\"540\" height=\"405\" src=\"http:\/\/armstrongyregion.com.ar\/diario\/wp-content\/uploads\/2024\/03\/2.jpg\" alt=\"\" class=\"wp-image-41961\" srcset=\"https:\/\/armstrongyregion.com.ar\/diario\/wp-content\/uploads\/2024\/03\/2.jpg 540w, https:\/\/armstrongyregion.com.ar\/diario\/wp-content\/uploads\/2024\/03\/2-300x225.jpg 300w\" sizes=\"auto, (max-width: 540px) 100vw, 540px\" \/><\/a><\/figure>\n\n\n\n<p>El jueves 7 de marzo qued\u00f3 habilitada la primera muestra itinerante del a\u00f1o en el sum del Museo<br>Hist\u00f3rico Municipal. Se trata de \u201cBit\u00e1cora de la Contradicci\u00f3n\u201d de la artista pl\u00e1stica Marit\u00e9 Crespo.<br>La autora es nacida en R\u00edo Negro. Se recibi\u00f3 de arquitecta en la Universidad Nacional del Litoral.<br>Vivi\u00f3 varios a\u00f1os en Canad\u00e1, luego en C\u00f3rdoba y hoy su residencia\/taller est\u00e1 en la ciudad de Santa<br>Fe.<\/p>\n\n\n\n<figure class=\"wp-block-image size-full\"><a href=\"http:\/\/armstrongyregion.com.ar\/diario\/wp-content\/uploads\/2024\/03\/4.jpg\"><img loading=\"lazy\" decoding=\"async\" width=\"540\" height=\"405\" src=\"http:\/\/armstrongyregion.com.ar\/diario\/wp-content\/uploads\/2024\/03\/4.jpg\" alt=\"\" class=\"wp-image-41962\" srcset=\"https:\/\/armstrongyregion.com.ar\/diario\/wp-content\/uploads\/2024\/03\/4.jpg 540w, https:\/\/armstrongyregion.com.ar\/diario\/wp-content\/uploads\/2024\/03\/4-300x225.jpg 300w\" sizes=\"auto, (max-width: 540px) 100vw, 540px\" \/><\/a><\/figure>\n\n\n\n<p><br>Tuvo grandes maestros en pintura, escultura y grabado.<br>Sus pinturas se han exhibido a nivel nacional e internacional. Es una artista prol\u00edfica y vers\u00e1til que<br>utiliza una variedad de t\u00e9cnicas y medios en su trabajo. Este bagaje art\u00edstico lo trae hoy,<br>generosamente, a nuestra ciudad.<br>Esta serie de pinturas realizadas con distintas t\u00e9cnicas y materiales, reflejan lo que nos pasa como<br>personas: navegar el caos, entretejer historias, lo complejo y lo simple, sin verdades absolutas, s\u00f3lo<br>conectando a trav\u00e9s de nuestro ser humano sensible, viviendo entre la incertidumbre del presente,<br>las expectativas del futuro y la po\u00e9tica de nuestras memorias.<br>\u201cBit\u00e1cora de la Contradicci\u00f3n\u201d est\u00e1 disponible hasta el pr\u00f3ximo 12 de abril, de lunes a viernes de 8 a<br>12 hs. y se pueden solicitar visitas especiales y guiadas por la tarde llamando al tel\u00e9fono 490247, \u00f3<br>en Facebook: Museo Hist\u00f3rico Armstrong. Entrada libre y gratuita.<\/p>\n","protected":false},"excerpt":{"rendered":"<p>Armstrong. Se habilit\u00f3 la primera muestra del a\u00f1o en el MHM.<\/p>\n","protected":false},"author":1,"featured_media":41961,"comment_status":"open","ping_status":"open","sticky":false,"template":"","format":"image","meta":{"_jetpack_memberships_contains_paid_content":false,"footnotes":"","jetpack_publicize_message":"","jetpack_publicize_feature_enabled":true,"jetpack_social_post_already_shared":true,"jetpack_social_options":{"image_generator_settings":{"template":"highway","default_image_id":0,"enabled":false},"version":2}},"categories":[8,1,2,7,3],"tags":[154,10139,53,16,15,10366,10367,1358,2008,86],"class_list":["post-41960","post","type-post","status-publish","format-image","has-post-thumbnail","hentry","category-deliberando","category-diario-armstrong","category-locales","category-politica","category-region","tag-ano","tag-armatrong","tag-del","tag-el","tag-en","tag-habilito-la","tag-mhm-2","tag-muestra","tag-primera","tag-se","post_format-post-format-image"],"jetpack_publicize_connections":[],"jetpack_featured_media_url":"https:\/\/armstrongyregion.com.ar\/diario\/wp-content\/uploads\/2024\/03\/2.jpg","jetpack_shortlink":"https:\/\/wp.me\/p62QDO-aUM","jetpack_sharing_enabled":true,"amp_enabled":true,"_links":{"self":[{"href":"https:\/\/armstrongyregion.com.ar\/diario\/wp-json\/wp\/v2\/posts\/41960","targetHints":{"allow":["GET"]}}],"collection":[{"href":"https:\/\/armstrongyregion.com.ar\/diario\/wp-json\/wp\/v2\/posts"}],"about":[{"href":"https:\/\/armstrongyregion.com.ar\/diario\/wp-json\/wp\/v2\/types\/post"}],"author":[{"embeddable":true,"href":"https:\/\/armstrongyregion.com.ar\/diario\/wp-json\/wp\/v2\/users\/1"}],"replies":[{"embeddable":true,"href":"https:\/\/armstrongyregion.com.ar\/diario\/wp-json\/wp\/v2\/comments?post=41960"}],"version-history":[{"count":1,"href":"https:\/\/armstrongyregion.com.ar\/diario\/wp-json\/wp\/v2\/posts\/41960\/revisions"}],"predecessor-version":[{"id":41963,"href":"https:\/\/armstrongyregion.com.ar\/diario\/wp-json\/wp\/v2\/posts\/41960\/revisions\/41963"}],"wp:featuredmedia":[{"embeddable":true,"href":"https:\/\/armstrongyregion.com.ar\/diario\/wp-json\/wp\/v2\/media\/41961"}],"wp:attachment":[{"href":"https:\/\/armstrongyregion.com.ar\/diario\/wp-json\/wp\/v2\/media?parent=41960"}],"wp:term":[{"taxonomy":"category","embeddable":true,"href":"https:\/\/armstrongyregion.com.ar\/diario\/wp-json\/wp\/v2\/categories?post=41960"},{"taxonomy":"post_tag","embeddable":true,"href":"https:\/\/armstrongyregion.com.ar\/diario\/wp-json\/wp\/v2\/tags?post=41960"}],"curies":[{"name":"wp","href":"https:\/\/api.w.org\/{rel}","templated":true}]}}