{"id":41936,"date":"2024-03-04T22:25:04","date_gmt":"2024-03-04T22:25:04","guid":{"rendered":"https:\/\/armstrongyregion.com.ar\/diario\/?p=41936"},"modified":"2024-03-04T22:25:06","modified_gmt":"2024-03-04T22:25:06","slug":"continuidad-del-plan-de-lucha-paro-7-y-8-de-marzo","status":"publish","type":"post","link":"https:\/\/armstrongyregion.com.ar\/diario\/continuidad-del-plan-de-lucha-paro-7-y-8-de-marzo\/","title":{"rendered":"Continuidad del plan de lucha: paro 7 y 8 de marzo"},"content":{"rendered":"\n<p>En la jornada de hoy, tal como estaba previsto, se llev\u00f3 adelante en la sede provincial de AMSAFE la reuni\u00f3n de Comisi\u00f3n Directiva Ampliada que re\u00fane a las y los integrantes de la Comisi\u00f3n Directiva Provincial, encabezada por su secretario general, Rodrigo Alonso, junto a las delegadas y delegados Seccionales de los 19 departamentos.<br>En la oportunidad se resolvi\u00f3 determinar los d\u00edas jueves 7 y viernes 8 de marzo de 2024 para completar las segundas 48 hs. de paro resueltas en la \u00faltima Asamblea Provincial de la AMSAFE del pasado viernes 23 de febrero.<br>En este sentido, cabe manifestar que se resolvi\u00f3 adherir y participar de la Jornada Nacional de Protesta impulsada por la CTERA a nivel nacional en reclamo de convocatoria a Paritaria, por aumento salarial y en defensa de la educaci\u00f3n p\u00fablica. Asimismo, el 8 de marzo se participar\u00e1 de las diferentes acciones en el marco del D\u00eda Internacional de la Mujer Trabajadora.<\/p>\n","protected":false},"excerpt":{"rendered":"<p>En la jornada de hoy, tal como estaba previsto, se llev\u00f3 adelante en la sede provincial de AMSAFE la reuni\u00f3n de Comisi\u00f3n Directiva Ampliada que re\u00fane a las y los integrantes de la Comisi\u00f3n Directiva Provincial, encabezada por su secretario general, Rodrigo Alonso, junto a las delegadas y delegados Seccionales de los 19 departamentos.En la <a href=\"https:\/\/armstrongyregion.com.ar\/diario\/continuidad-del-plan-de-lucha-paro-7-y-8-de-marzo\/\" title=\"Read more\" >&#8230;<\/a><\/p>\n","protected":false},"author":2,"featured_media":41937,"comment_status":"open","ping_status":"open","sticky":false,"template":"","format":"image","meta":{"_jetpack_memberships_contains_paid_content":false,"footnotes":"","jetpack_publicize_message":"","jetpack_publicize_feature_enabled":true,"jetpack_social_post_already_shared":true,"jetpack_social_options":{"image_generator_settings":{"template":"highway","default_image_id":0,"enabled":false},"version":2}},"categories":[1],"tags":[],"class_list":["post-41936","post","type-post","status-publish","format-image","has-post-thumbnail","hentry","category-diario-armstrong","post_format-post-format-image"],"jetpack_publicize_connections":[],"jetpack_featured_media_url":"https:\/\/armstrongyregion.com.ar\/diario\/wp-content\/uploads\/2024\/03\/paro-escuela.jpg","jetpack_shortlink":"https:\/\/wp.me\/p62QDO-aUo","jetpack_sharing_enabled":true,"amp_enabled":true,"_links":{"self":[{"href":"https:\/\/armstrongyregion.com.ar\/diario\/wp-json\/wp\/v2\/posts\/41936","targetHints":{"allow":["GET"]}}],"collection":[{"href":"https:\/\/armstrongyregion.com.ar\/diario\/wp-json\/wp\/v2\/posts"}],"about":[{"href":"https:\/\/armstrongyregion.com.ar\/diario\/wp-json\/wp\/v2\/types\/post"}],"author":[{"embeddable":true,"href":"https:\/\/armstrongyregion.com.ar\/diario\/wp-json\/wp\/v2\/users\/2"}],"replies":[{"embeddable":true,"href":"https:\/\/armstrongyregion.com.ar\/diario\/wp-json\/wp\/v2\/comments?post=41936"}],"version-history":[{"count":1,"href":"https:\/\/armstrongyregion.com.ar\/diario\/wp-json\/wp\/v2\/posts\/41936\/revisions"}],"predecessor-version":[{"id":41938,"href":"https:\/\/armstrongyregion.com.ar\/diario\/wp-json\/wp\/v2\/posts\/41936\/revisions\/41938"}],"wp:featuredmedia":[{"embeddable":true,"href":"https:\/\/armstrongyregion.com.ar\/diario\/wp-json\/wp\/v2\/media\/41937"}],"wp:attachment":[{"href":"https:\/\/armstrongyregion.com.ar\/diario\/wp-json\/wp\/v2\/media?parent=41936"}],"wp:term":[{"taxonomy":"category","embeddable":true,"href":"https:\/\/armstrongyregion.com.ar\/diario\/wp-json\/wp\/v2\/categories?post=41936"},{"taxonomy":"post_tag","embeddable":true,"href":"https:\/\/armstrongyregion.com.ar\/diario\/wp-json\/wp\/v2\/tags?post=41936"}],"curies":[{"name":"wp","href":"https:\/\/api.w.org\/{rel}","templated":true}]}}