{"id":41922,"date":"2024-03-02T16:19:17","date_gmt":"2024-03-02T16:19:17","guid":{"rendered":"https:\/\/armstrongyregion.com.ar\/diario\/?p=41922"},"modified":"2024-03-02T16:19:20","modified_gmt":"2024-03-02T16:19:20","slug":"reunion-de-la-agrupacion-politica-somos-armstrong","status":"publish","type":"post","link":"https:\/\/armstrongyregion.com.ar\/diario\/reunion-de-la-agrupacion-politica-somos-armstrong\/","title":{"rendered":"Reuni\u00f3n de la agrupaci\u00f3n pol\u00edtica Somos Armstrong."},"content":{"rendered":"\n<figure class=\"wp-block-image size-full\"><a href=\"http:\/\/armstrongyregion.com.ar\/diario\/wp-content\/uploads\/2024\/03\/Facu-Amil-2-3-24-.jpg\"><img loading=\"lazy\" decoding=\"async\" width=\"679\" height=\"397\" src=\"http:\/\/armstrongyregion.com.ar\/diario\/wp-content\/uploads\/2024\/03\/Facu-Amil-2-3-24-.jpg\" alt=\"\" class=\"wp-image-41923\" srcset=\"https:\/\/armstrongyregion.com.ar\/diario\/wp-content\/uploads\/2024\/03\/Facu-Amil-2-3-24-.jpg 679w, https:\/\/armstrongyregion.com.ar\/diario\/wp-content\/uploads\/2024\/03\/Facu-Amil-2-3-24--300x175.jpg 300w\" sizes=\"auto, (max-width: 679px) 100vw, 679px\" \/><\/a><\/figure>\n\n\n\n<h2 class=\"wp-block-heading\">El pasado viernes 1ro de Marzo se reunieron los integrantes del partido vecinal Somos Armstrong a fin de dar comienzo a un nuevo a\u00f1o en la participaci\u00f3n pol\u00edtica, con el armado de agenda 2024.<\/h2>\n\n\n\n<h2 class=\"wp-block-heading\"> Facundo Amil, Presidente del partido y principal referente, nos comentaba: \u201cNo s\u00f3lo estamos ampliando el grupo sino que nos preparamos para un a\u00f1o con mucha actividad pol\u00edtica y social, se vienen muchos desaf\u00edos para encarar y lo vamos a hacer con responsabilidad y capacidad.\u201d<\/h2>\n","protected":false},"excerpt":{"rendered":"<p>Reuni\u00f3n de la agrupaci\u00f3n pol\u00edtica Somos Armstrong.<\/p>\n","protected":false},"author":1,"featured_media":41923,"comment_status":"open","ping_status":"open","sticky":false,"template":"","format":"image","meta":{"_jetpack_memberships_contains_paid_content":false,"footnotes":"","jetpack_publicize_message":"","jetpack_publicize_feature_enabled":true,"jetpack_social_post_already_shared":true,"jetpack_social_options":{"image_generator_settings":{"template":"highway","default_image_id":0,"enabled":false},"version":2}},"categories":[8,1,2,7,3],"tags":[10363,19,4608,31,8777,9761,462,10364],"class_list":["post-41922","post","type-post","status-publish","format-image","has-post-thumbnail","hentry","category-deliberando","category-diario-armstrong","category-locales","category-politica","category-region","tag-agrupacion-2","tag-de","tag-diario-armstrong-y-region","tag-la","tag-lic-graciela-de-la-casa","tag-politica-3","tag-reunion","tag-somos-armstrong","post_format-post-format-image"],"jetpack_publicize_connections":[],"jetpack_featured_media_url":"https:\/\/armstrongyregion.com.ar\/diario\/wp-content\/uploads\/2024\/03\/Facu-Amil-2-3-24-.jpg","jetpack_shortlink":"https:\/\/wp.me\/p62QDO-aUa","jetpack_sharing_enabled":true,"amp_enabled":true,"_links":{"self":[{"href":"https:\/\/armstrongyregion.com.ar\/diario\/wp-json\/wp\/v2\/posts\/41922","targetHints":{"allow":["GET"]}}],"collection":[{"href":"https:\/\/armstrongyregion.com.ar\/diario\/wp-json\/wp\/v2\/posts"}],"about":[{"href":"https:\/\/armstrongyregion.com.ar\/diario\/wp-json\/wp\/v2\/types\/post"}],"author":[{"embeddable":true,"href":"https:\/\/armstrongyregion.com.ar\/diario\/wp-json\/wp\/v2\/users\/1"}],"replies":[{"embeddable":true,"href":"https:\/\/armstrongyregion.com.ar\/diario\/wp-json\/wp\/v2\/comments?post=41922"}],"version-history":[{"count":1,"href":"https:\/\/armstrongyregion.com.ar\/diario\/wp-json\/wp\/v2\/posts\/41922\/revisions"}],"predecessor-version":[{"id":41924,"href":"https:\/\/armstrongyregion.com.ar\/diario\/wp-json\/wp\/v2\/posts\/41922\/revisions\/41924"}],"wp:featuredmedia":[{"embeddable":true,"href":"https:\/\/armstrongyregion.com.ar\/diario\/wp-json\/wp\/v2\/media\/41923"}],"wp:attachment":[{"href":"https:\/\/armstrongyregion.com.ar\/diario\/wp-json\/wp\/v2\/media?parent=41922"}],"wp:term":[{"taxonomy":"category","embeddable":true,"href":"https:\/\/armstrongyregion.com.ar\/diario\/wp-json\/wp\/v2\/categories?post=41922"},{"taxonomy":"post_tag","embeddable":true,"href":"https:\/\/armstrongyregion.com.ar\/diario\/wp-json\/wp\/v2\/tags?post=41922"}],"curies":[{"name":"wp","href":"https:\/\/api.w.org\/{rel}","templated":true}]}}