{"id":41919,"date":"2024-03-02T15:47:50","date_gmt":"2024-03-02T15:47:50","guid":{"rendered":"https:\/\/armstrongyregion.com.ar\/diario\/?p=41919"},"modified":"2024-03-02T15:47:53","modified_gmt":"2024-03-02T15:47:53","slug":"armstrong-se-habilita-la-muestra-bitacora-de-la-contradiccion-en-el-mhm","status":"publish","type":"post","link":"https:\/\/armstrongyregion.com.ar\/diario\/armstrong-se-habilita-la-muestra-bitacora-de-la-contradiccion-en-el-mhm\/","title":{"rendered":"Armstrong. Se habilita la muestra \u201cBit\u00e1cora de la contradicci\u00f3n\u201d en el MHM."},"content":{"rendered":"\n<figure class=\"wp-block-image size-full\"><a href=\"http:\/\/armstrongyregion.com.ar\/diario\/wp-content\/uploads\/2024\/03\/BITACORA-2-3-24-.jpg\"><img loading=\"lazy\" decoding=\"async\" width=\"630\" height=\"630\" src=\"http:\/\/armstrongyregion.com.ar\/diario\/wp-content\/uploads\/2024\/03\/BITACORA-2-3-24-.jpg\" alt=\"\" class=\"wp-image-41920\" srcset=\"https:\/\/armstrongyregion.com.ar\/diario\/wp-content\/uploads\/2024\/03\/BITACORA-2-3-24-.jpg 630w, https:\/\/armstrongyregion.com.ar\/diario\/wp-content\/uploads\/2024\/03\/BITACORA-2-3-24--300x300.jpg 300w, https:\/\/armstrongyregion.com.ar\/diario\/wp-content\/uploads\/2024\/03\/BITACORA-2-3-24--150x150.jpg 150w\" sizes=\"auto, (max-width: 630px) 100vw, 630px\" \/><\/a><\/figure>\n\n\n\n<p><strong>La Municipalidad de Armstrong invita a la apertura de \u201cBit\u00e1cora de la contradicci\u00f3n\u201d, la primera<br>muestra itinerante del a\u00f1o en el Museo Hist\u00f3rico Municipal que se realizar\u00e1 el jueves 7 de marzo a<br>las 20 hs.<\/strong><\/p>\n\n\n\n<p>La obra fue creada en series por la artista pl\u00e1stica arquitecta Marit\u00e9 Crespo, y articula una bit\u00e1cora<br>de recuerdos, historias, pensamientos. Contrastes atravesados por la realidad de nuestro tiempo.<br>Esas emociones se convierten en obra.<br>Todo se conjuga en una selecci\u00f3n org\u00e1nica y libre dentro de par\u00e1metros estructurales, en b\u00fasqueda<br>de la armn\u00eda en tiempo y espacio.<br>Crespo manifiesta que el arte nos invita a trascender el caos actual, despertar nuestra conciencia<br>interior, atravesar la confusi\u00f3n y el miedo sin perdernos en \u00e9l, preservar nuestros valores siendo<br>fieles a nuestro sentir.<br>La retrospectiva de mirar sobre nuestros pasos, repensar el camino recorrido para estar\/ser hoy en<br>el hoy.<\/p>\n","protected":false},"excerpt":{"rendered":"<p>Armstrong. Se habilita la muestra \u201cBit\u00e1cora de la contradicci\u00f3n\u201d en el MHM.<\/p>\n","protected":false},"author":1,"featured_media":41920,"comment_status":"open","ping_status":"open","sticky":false,"template":"","format":"image","meta":{"_jetpack_memberships_contains_paid_content":false,"footnotes":"","jetpack_publicize_message":"","jetpack_publicize_feature_enabled":true,"jetpack_social_post_already_shared":true,"jetpack_social_options":{"image_generator_settings":{"template":"highway","default_image_id":0,"enabled":false},"version":2}},"categories":[8,1,2,7,3],"tags":[20,10362,4608,10361,31,8777,1358,86],"class_list":["post-41919","post","type-post","status-publish","format-image","has-post-thumbnail","hentry","category-deliberando","category-diario-armstrong","category-locales","category-politica","category-region","tag-armstrong","tag-bitacora-de-la-contradiccion","tag-diario-armstrong-y-region","tag-habilitara","tag-la","tag-lic-graciela-de-la-casa","tag-muestra","tag-se","post_format-post-format-image"],"jetpack_publicize_connections":[],"jetpack_featured_media_url":"https:\/\/armstrongyregion.com.ar\/diario\/wp-content\/uploads\/2024\/03\/BITACORA-2-3-24-.jpg","jetpack_shortlink":"https:\/\/wp.me\/p62QDO-aU7","jetpack_sharing_enabled":true,"amp_enabled":true,"_links":{"self":[{"href":"https:\/\/armstrongyregion.com.ar\/diario\/wp-json\/wp\/v2\/posts\/41919","targetHints":{"allow":["GET"]}}],"collection":[{"href":"https:\/\/armstrongyregion.com.ar\/diario\/wp-json\/wp\/v2\/posts"}],"about":[{"href":"https:\/\/armstrongyregion.com.ar\/diario\/wp-json\/wp\/v2\/types\/post"}],"author":[{"embeddable":true,"href":"https:\/\/armstrongyregion.com.ar\/diario\/wp-json\/wp\/v2\/users\/1"}],"replies":[{"embeddable":true,"href":"https:\/\/armstrongyregion.com.ar\/diario\/wp-json\/wp\/v2\/comments?post=41919"}],"version-history":[{"count":1,"href":"https:\/\/armstrongyregion.com.ar\/diario\/wp-json\/wp\/v2\/posts\/41919\/revisions"}],"predecessor-version":[{"id":41921,"href":"https:\/\/armstrongyregion.com.ar\/diario\/wp-json\/wp\/v2\/posts\/41919\/revisions\/41921"}],"wp:featuredmedia":[{"embeddable":true,"href":"https:\/\/armstrongyregion.com.ar\/diario\/wp-json\/wp\/v2\/media\/41920"}],"wp:attachment":[{"href":"https:\/\/armstrongyregion.com.ar\/diario\/wp-json\/wp\/v2\/media?parent=41919"}],"wp:term":[{"taxonomy":"category","embeddable":true,"href":"https:\/\/armstrongyregion.com.ar\/diario\/wp-json\/wp\/v2\/categories?post=41919"},{"taxonomy":"post_tag","embeddable":true,"href":"https:\/\/armstrongyregion.com.ar\/diario\/wp-json\/wp\/v2\/tags?post=41919"}],"curies":[{"name":"wp","href":"https:\/\/api.w.org\/{rel}","templated":true}]}}