{"id":41915,"date":"2024-03-02T15:35:20","date_gmt":"2024-03-02T15:35:20","guid":{"rendered":"https:\/\/armstrongyregion.com.ar\/diario\/?p=41915"},"modified":"2024-03-02T15:35:22","modified_gmt":"2024-03-02T15:35:22","slug":"plan-de-lucha-amsafe-define-las-acciones-a-seguir","status":"publish","type":"post","link":"https:\/\/armstrongyregion.com.ar\/diario\/plan-de-lucha-amsafe-define-las-acciones-a-seguir\/","title":{"rendered":"Plan de Lucha: AMSAFE define las acciones a seguir."},"content":{"rendered":"\n<figure class=\"wp-block-image size-full\"><a href=\"http:\/\/armstrongyregion.com.ar\/diario\/wp-content\/uploads\/2024\/03\/plan-de-lucha-2-3-24-.jpg\"><img loading=\"lazy\" decoding=\"async\" width=\"596\" height=\"596\" src=\"http:\/\/armstrongyregion.com.ar\/diario\/wp-content\/uploads\/2024\/03\/plan-de-lucha-2-3-24-.jpg\" alt=\"\" class=\"wp-image-41916\" srcset=\"https:\/\/armstrongyregion.com.ar\/diario\/wp-content\/uploads\/2024\/03\/plan-de-lucha-2-3-24-.jpg 596w, https:\/\/armstrongyregion.com.ar\/diario\/wp-content\/uploads\/2024\/03\/plan-de-lucha-2-3-24--300x300.jpg 300w, https:\/\/armstrongyregion.com.ar\/diario\/wp-content\/uploads\/2024\/03\/plan-de-lucha-2-3-24--150x150.jpg 150w\" sizes=\"auto, (max-width: 596px) 100vw, 596px\" \/><\/a><\/figure>\n\n\n\n<p>AMSAFE convoca a las y los 19 delegados seccionales a Reuni\u00f3n de Comisi\u00f3n Directiva Ampliada, a realizarse el d\u00eda lunes 4 de marzo a las 14hs. en la sede sindical provincial.<\/p>\n\n\n\n<p><\/p>\n\n\n\n<figure class=\"wp-block-audio\"><audio controls src=\"http:\/\/armstrongyregion.com.ar\/diario\/wp-content\/uploads\/2024\/03\/multimedia.audio_.b8ef6a900a3d4a9f.YXVkaW8gbW9uby5tcDM.mp3\"><\/audio><figcaption class=\"wp-element-caption\">Nota a Ariel Sola. Delegado de AMSAFE-<\/figcaption><\/figure>\n\n\n\n<p>El lunes, a partir de las 16, los docentes p\u00fablicos de la provincia de Santa Fe definir\u00e1n c\u00f3mo sigue el plan de lucha ante la falta de acuerdo sobre el incremento salarial. En asamblea, resolver\u00e1n cu\u00e1ndo se llevar\u00e1 a cabo el paro de 48 horas decidido la semana pasada en rechazo al aumento del 7% ofrecido por el gobierno.<\/p>\n\n\n\n<p>Los docentes p\u00fablicos de la provincia de Santa Fe, nucleados en Amsaf\u00e9, definir\u00e1n el pr\u00f3ximo lunes c\u00f3mo seguir\u00e1 el plan de lucha, tras el rechazo a la oferta de incremento salarial presentada por el gobierno en paritarias.<br>Tal como se resolvi\u00f3 en asamblea de delegados, los maestros concretaron un paro de 48 horas el lunes y martes de esta semana, pero est\u00e1n previstas otras dos jornadas de lucha. Eso se definir\u00e1 el lunes desde las 16.<\/p>\n\n\n\n<p>\u00a0A \u00faltima hora de este jueves, cuando ya hab\u00eda sido convocada y confirmada la asamblea de Amsaf\u00e9, trascendi\u00f3 que el gobierno provincial har\u00e1 oficial la nueva convocatoria a paritarias el lunes 4 de marzo, pero reci\u00e9n para la semana que inicia el lunes 11 de marzo. Sin embargo, no hubo hasta el momento ninguna confirmaci\u00f3n oficial.<\/p>\n\n\n\n<p>Nota de Renacer Regional.<\/p>\n","protected":false},"excerpt":{"rendered":"<p>Plan de Lucha: AMSAFE define las acciones a seguir.<\/p>\n","protected":false},"author":1,"featured_media":41916,"comment_status":"open","ping_status":"open","sticky":false,"template":"","format":"image","meta":{"_jetpack_memberships_contains_paid_content":false,"footnotes":"","jetpack_publicize_message":"","jetpack_publicize_feature_enabled":true,"jetpack_social_post_already_shared":true,"jetpack_social_options":{"image_generator_settings":{"template":"highway","default_image_id":0,"enabled":false},"version":2}},"categories":[8,1,2,7,3],"tags":[33,3582,3406,10360,4608,23,8777,10359,2573],"class_list":["post-41915","post","type-post","status-publish","format-image","has-post-thumbnail","hentry","category-deliberando","category-diario-armstrong","category-locales","category-politica","category-region","tag-a","tag-acciones","tag-amsafe","tag-define","tag-diario-armstrong-y-region","tag-las","tag-lic-graciela-de-la-casa","tag-plan-de-lucha","tag-seguir","post_format-post-format-image"],"jetpack_publicize_connections":[],"jetpack_featured_media_url":"https:\/\/armstrongyregion.com.ar\/diario\/wp-content\/uploads\/2024\/03\/plan-de-lucha-2-3-24-.jpg","jetpack_shortlink":"https:\/\/wp.me\/p62QDO-aU3","jetpack_sharing_enabled":true,"amp_enabled":true,"_links":{"self":[{"href":"https:\/\/armstrongyregion.com.ar\/diario\/wp-json\/wp\/v2\/posts\/41915","targetHints":{"allow":["GET"]}}],"collection":[{"href":"https:\/\/armstrongyregion.com.ar\/diario\/wp-json\/wp\/v2\/posts"}],"about":[{"href":"https:\/\/armstrongyregion.com.ar\/diario\/wp-json\/wp\/v2\/types\/post"}],"author":[{"embeddable":true,"href":"https:\/\/armstrongyregion.com.ar\/diario\/wp-json\/wp\/v2\/users\/1"}],"replies":[{"embeddable":true,"href":"https:\/\/armstrongyregion.com.ar\/diario\/wp-json\/wp\/v2\/comments?post=41915"}],"version-history":[{"count":1,"href":"https:\/\/armstrongyregion.com.ar\/diario\/wp-json\/wp\/v2\/posts\/41915\/revisions"}],"predecessor-version":[{"id":41918,"href":"https:\/\/armstrongyregion.com.ar\/diario\/wp-json\/wp\/v2\/posts\/41915\/revisions\/41918"}],"wp:featuredmedia":[{"embeddable":true,"href":"https:\/\/armstrongyregion.com.ar\/diario\/wp-json\/wp\/v2\/media\/41916"}],"wp:attachment":[{"href":"https:\/\/armstrongyregion.com.ar\/diario\/wp-json\/wp\/v2\/media?parent=41915"}],"wp:term":[{"taxonomy":"category","embeddable":true,"href":"https:\/\/armstrongyregion.com.ar\/diario\/wp-json\/wp\/v2\/categories?post=41915"},{"taxonomy":"post_tag","embeddable":true,"href":"https:\/\/armstrongyregion.com.ar\/diario\/wp-json\/wp\/v2\/tags?post=41915"}],"curies":[{"name":"wp","href":"https:\/\/api.w.org\/{rel}","templated":true}]}}