{"id":41907,"date":"2024-03-01T01:42:25","date_gmt":"2024-03-01T01:42:25","guid":{"rendered":"https:\/\/armstrongyregion.com.ar\/diario\/?p=41907"},"modified":"2024-03-01T01:42:27","modified_gmt":"2024-03-01T01:42:27","slug":"novedades-policiales-en-el-departamento-belgrano-2","status":"publish","type":"post","link":"https:\/\/armstrongyregion.com.ar\/diario\/novedades-policiales-en-el-departamento-belgrano-2\/","title":{"rendered":"Novedades policiales en el departamento Belgrano."},"content":{"rendered":"\n<figure class=\"wp-block-image size-full\"><a href=\"http:\/\/armstrongyregion.com.ar\/diario\/wp-content\/uploads\/2024\/01\/polizonte-.jpg\"><img loading=\"lazy\" decoding=\"async\" width=\"585\" height=\"437\" src=\"http:\/\/armstrongyregion.com.ar\/diario\/wp-content\/uploads\/2024\/01\/polizonte-.jpg\" alt=\"\" class=\"wp-image-41339\" srcset=\"https:\/\/armstrongyregion.com.ar\/diario\/wp-content\/uploads\/2024\/01\/polizonte-.jpg 585w, https:\/\/armstrongyregion.com.ar\/diario\/wp-content\/uploads\/2024\/01\/polizonte--300x224.jpg 300w\" sizes=\"auto, (max-width: 585px) 100vw, 585px\" \/><\/a><\/figure>\n\n\n\n<h2 class=\"wp-block-heading\">El Jefe de la Unidad Regional III Guillermo Solari coment\u00f3 los hechos destacados de los \u00faltimos d\u00edas.<\/h2>\n\n\n\n<figure class=\"wp-block-embed is-type-video is-provider-youtube wp-block-embed-youtube wp-embed-aspect-16-9 wp-has-aspect-ratio\"><div class=\"wp-block-embed__wrapper\">\n<iframe loading=\"lazy\" title=\"27-02-24 Nota Guillermo Solari \u2013 Jefe URIII\" width=\"800\" height=\"450\" src=\"https:\/\/www.youtube.com\/embed\/OyQqO01mr5c?feature=oembed\" frameborder=\"0\" allow=\"accelerometer; autoplay; clipboard-write; encrypted-media; gyroscope; picture-in-picture; web-share\" allowfullscreen><\/iframe>\n<\/div><\/figure>\n\n\n\n<p>Relaciones Policiales URIII<br>Parte de Prensa UR III, Dpto. Belgrano<\/p>\n\n\n\n<p>HALLAZGO Y AVERIGUACION DE PROCEDENCIA &#8211; LAS PAREJAS.<br>D\u00eda 21 del corriente en jurisdicci\u00f3n de la Comisaria Segunda Las Parejas mientras personal policial se encontraba recorriendo zona rural, en horas de la noche, observa una motocicleta de KTM DUKE 200 cc; con signos evidentes de haber sido forzada el sistema de encendido y carga de combustible; se encontraban cortados y empalmados distintos cables. Se requiere la presencia de un testigo para luego realizar el traslado &nbsp;a la dependencia policial y realizar consultas al sistema 911. Luego de realizar las averiguaciones pertinentes se establece que el rodado posee un pedido de captura de la ciudad de Rosario, por sustra\u00eddo recientemente. Se dio conocimiento a la fiscal\u00eda y se ubic\u00f3 a su propietario.<\/p>\n\n\n\n<p>ALLANAMIENTOS \u2013 SECUESTRO DE CABLES &#8211; LAS ROSAS.<br>D\u00eda 22 del corriente, personal de la Comisaria Primera Las Rosas con colaboraci\u00f3n del Comando radioel\u00e9ctrico proceden al diligenciamiento Orden de Allanamiento emanada por el Dr. Alvaro Campos, Juez Penal de Primera Instancia de la 2da. Circunscripci\u00f3n Judicial de la ciudad Ca\u00f1ada de G\u00f3mez, cumplimentando la medida en dos domicilios de la localidad (dep\u00f3sito de chatarrer\u00eda) &nbsp;arrojando resultado POSITIVOS, secuestr\u00e1ndose 24 kg de cables y 82 kg de cobre. Se realiza consulta telef\u00f3nica con el Fiscal quien ordena que se proceda al secuestro del cobre y cableado envainado, y se notifique por \u201cEncubrimiento\u201c al morador de la vivienda.&nbsp;<\/p>\n\n\n\n<p>TENTATIVA DE HURTO &#8211; LAS PAREJAS<br>En fecha 22 del corriente, personal de la Comisar\u00eda 2da. de las Parejas, a ra\u00edz de un llamado telef\u00f3nico a la l\u00ednea de emergencias 101, se constituye en inmediaciones de calle 29 y 6 bis, donde un masculino habr\u00eda ingresado a un domicilio con fines il\u00edcitos. Al arribar al &nbsp;lugar, logran la aprehensi\u00f3n de una persona (27 a\u00f1os), quien es puesto a disposici\u00f3n de la Fiscal\u00eda en turno, realiz\u00e1ndose actuaciones por el hecho de Tentativa de Hurto.<\/p>\n\n\n\n<p>ACCIDENTE CON VICTIMA FATAL &#8211; ARMSTRONG<br>D\u00eda 24 atento a llamado, Personal Policial de la Comisar\u00eda de Armstrong, se hace presente en calles Fischer y San Martin, por un accidente de tr\u00e1nsito. Arribados al lugar se observa el traslado de la ambulancia al SAMCO \u00a0LOCAL de un masculino, del cual a posterior se informa su deceso. La v\u00edctima se trasladaba en motocicleta. Se dio conocimiento a la Fiscal\u00eda en turno, continuando con las tareas investigativas de rigor.<br>\u00a0<br>Fuente: Renacer Regional<\/p>\n\n\n\n<p><\/p>\n","protected":false},"excerpt":{"rendered":"<p>Novedades policiales en el departamento Belgrano.<\/p>\n","protected":false},"author":1,"featured_media":41339,"comment_status":"open","ping_status":"open","sticky":false,"template":"","format":"image","meta":{"_jetpack_memberships_contains_paid_content":false,"footnotes":"","jetpack_publicize_message":"","jetpack_publicize_feature_enabled":true,"jetpack_social_post_already_shared":true,"jetpack_social_options":{"image_generator_settings":{"template":"highway","default_image_id":0,"enabled":false},"version":2}},"categories":[8,1,2,2852,3],"tags":[8606,872,4608,16,15,8777,2169,1368],"class_list":["post-41907","post","type-post","status-publish","format-image","has-post-thumbnail","hentry","category-deliberando","category-diario-armstrong","category-locales","category-policiales","category-region","tag-belgrano-2","tag-departamento","tag-diario-armstrong-y-region","tag-el","tag-en","tag-lic-graciela-de-la-casa","tag-novedades","tag-policiales","post_format-post-format-image"],"jetpack_publicize_connections":[],"jetpack_featured_media_url":"https:\/\/armstrongyregion.com.ar\/diario\/wp-content\/uploads\/2024\/01\/polizonte-.jpg","jetpack_shortlink":"https:\/\/wp.me\/p62QDO-aTV","jetpack_sharing_enabled":true,"amp_enabled":true,"_links":{"self":[{"href":"https:\/\/armstrongyregion.com.ar\/diario\/wp-json\/wp\/v2\/posts\/41907","targetHints":{"allow":["GET"]}}],"collection":[{"href":"https:\/\/armstrongyregion.com.ar\/diario\/wp-json\/wp\/v2\/posts"}],"about":[{"href":"https:\/\/armstrongyregion.com.ar\/diario\/wp-json\/wp\/v2\/types\/post"}],"author":[{"embeddable":true,"href":"https:\/\/armstrongyregion.com.ar\/diario\/wp-json\/wp\/v2\/users\/1"}],"replies":[{"embeddable":true,"href":"https:\/\/armstrongyregion.com.ar\/diario\/wp-json\/wp\/v2\/comments?post=41907"}],"version-history":[{"count":1,"href":"https:\/\/armstrongyregion.com.ar\/diario\/wp-json\/wp\/v2\/posts\/41907\/revisions"}],"predecessor-version":[{"id":41908,"href":"https:\/\/armstrongyregion.com.ar\/diario\/wp-json\/wp\/v2\/posts\/41907\/revisions\/41908"}],"wp:featuredmedia":[{"embeddable":true,"href":"https:\/\/armstrongyregion.com.ar\/diario\/wp-json\/wp\/v2\/media\/41339"}],"wp:attachment":[{"href":"https:\/\/armstrongyregion.com.ar\/diario\/wp-json\/wp\/v2\/media?parent=41907"}],"wp:term":[{"taxonomy":"category","embeddable":true,"href":"https:\/\/armstrongyregion.com.ar\/diario\/wp-json\/wp\/v2\/categories?post=41907"},{"taxonomy":"post_tag","embeddable":true,"href":"https:\/\/armstrongyregion.com.ar\/diario\/wp-json\/wp\/v2\/tags?post=41907"}],"curies":[{"name":"wp","href":"https:\/\/api.w.org\/{rel}","templated":true}]}}