{"id":41904,"date":"2024-03-01T01:37:25","date_gmt":"2024-03-01T01:37:25","guid":{"rendered":"https:\/\/armstrongyregion.com.ar\/diario\/?p=41904"},"modified":"2024-03-01T01:37:56","modified_gmt":"2024-03-01T01:37:56","slug":"intendente-meyer-me-comunique-con-el-gobernador-pullaro-para-solicitar-la-instalacion-de-una-fiscalia-en-nuestra-ciudad","status":"publish","type":"post","link":"https:\/\/armstrongyregion.com.ar\/diario\/intendente-meyer-me-comunique-con-el-gobernador-pullaro-para-solicitar-la-instalacion-de-una-fiscalia-en-nuestra-ciudad\/","title":{"rendered":"Intendente Meyer: \u00abMe comuniqu\u00e9 con el Gobernador Pullaro para solicitar la instalaci\u00f3n de una fiscal\u00eda en nuestra ciudad\u00bb"},"content":{"rendered":"\n<figure class=\"wp-block-image size-full\"><a href=\"http:\/\/armstrongyregion.com.ar\/diario\/wp-content\/uploads\/2023\/10\/Javier-Meyer-3-10-23-.jpg\"><img loading=\"lazy\" decoding=\"async\" width=\"337\" height=\"282\" src=\"http:\/\/armstrongyregion.com.ar\/diario\/wp-content\/uploads\/2023\/10\/Javier-Meyer-3-10-23-.jpg\" alt=\"\" class=\"wp-image-40415\" srcset=\"https:\/\/armstrongyregion.com.ar\/diario\/wp-content\/uploads\/2023\/10\/Javier-Meyer-3-10-23-.jpg 337w, https:\/\/armstrongyregion.com.ar\/diario\/wp-content\/uploads\/2023\/10\/Javier-Meyer-3-10-23--300x251.jpg 300w\" sizes=\"auto, (max-width: 337px) 100vw, 337px\" \/><\/a><\/figure>\n\n\n\n<h2 class=\"wp-block-heading\">En los \u00faltimos d\u00edas se registraron varios hechos de robo en espacios p\u00fablicos, que exigen una mayor respuesta de la justicia.<\/h2>\n\n\n\n<figure class=\"wp-block-embed is-type-video is-provider-youtube wp-block-embed-youtube wp-embed-aspect-16-9 wp-has-aspect-ratio\"><div class=\"wp-block-embed__wrapper\">\n<iframe loading=\"lazy\" title=\"28-02-24 Nota Javier Meyer - Intendente\" width=\"800\" height=\"450\" src=\"https:\/\/www.youtube.com\/embed\/yAhNM754TNA?feature=oembed\" frameborder=\"0\" allow=\"accelerometer; autoplay; clipboard-write; encrypted-media; gyroscope; picture-in-picture; web-share\" allowfullscreen><\/iframe>\n<\/div><\/figure>\n\n\n\n<p>Hace pocos d\u00eda robaron 80 metros de cable que estaba enterrado a un metro aproximadamente, adem\u00e1s en el centro de reciclado sustrajeron un tablero de obra y en la bomba de calle Ituzaing\u00f3, junto al jard\u00edn de infantes, se llevaron un tablero completo.<\/p>\n\n\n\n<p><em>\u00abAnoche se dedicaron a vandalizar y a lo mejor estos delincuentes hoy salen de nuevo.&nbsp; Est\u00e1n para eso y claro es que esto los enciende y ojal\u00e1 los estimule m\u00e1s porque la idea es encontrar alguno que se quede pegado o que la polic\u00eda los pueda agarrar como corresponde. Esto a los contribuyentes estos hechos les ha costado no menos de $1.000.000 solo en materiales\u00bb,<\/em>&nbsp;expres\u00f3 el intendente Meyer.<\/p>\n\n\n\n<p><em>\u00abMe comuniqu\u00e9 con el Gobernador de la provincia para solicitar la instalaci\u00f3n de una fiscal\u00eda en nuestra ciudad, siendo Las Rosas cabecera del Departamento Belgrano. Es lamentable que este departamento sea uno de los pocos en la provincia que carece de su propia fiscal\u00eda\u00bb,<\/em>\u00a0declar\u00f3.<\/p>\n\n\n\n<p>Fuente: Las Rosas Digital.<\/p>\n","protected":false},"excerpt":{"rendered":"<p>Intendente Meyer: \u00abMe comuniqu\u00e9 con el Gobernador Pullaro para solicitar la instalaci\u00f3n de una fiscal\u00eda en nuestra ciudad\u00bb<\/p>\n","protected":false},"author":1,"featured_media":40415,"comment_status":"open","ping_status":"open","sticky":false,"template":"","format":"image","meta":{"_jetpack_memberships_contains_paid_content":false,"footnotes":"","jetpack_publicize_message":"","jetpack_publicize_feature_enabled":true,"jetpack_social_post_already_shared":true,"jetpack_social_options":{"image_generator_settings":{"template":"highway","default_image_id":0,"enabled":false},"version":2}},"categories":[8,1,2,7,3],"tags":[10353,100,4608,448,15,10354,8883,8777,1934,81,2846,9037,103],"class_list":["post-41904","post","type-post","status-publish","format-image","has-post-thumbnail","hentry","category-deliberando","category-diario-armstrong","category-locales","category-politica","category-region","tag-comunique","tag-con","tag-diario-armstrong-y-region","tag-e","tag-en","tag-fiscalia-2","tag-las-rosas-2","tag-lic-graciela-de-la-casa","tag-meyer","tag-para","tag-pullaro","tag-solicitar","tag-una","post_format-post-format-image"],"jetpack_publicize_connections":[],"jetpack_featured_media_url":"https:\/\/armstrongyregion.com.ar\/diario\/wp-content\/uploads\/2023\/10\/Javier-Meyer-3-10-23-.jpg","jetpack_shortlink":"https:\/\/wp.me\/p62QDO-aTS","jetpack_sharing_enabled":true,"amp_enabled":true,"_links":{"self":[{"href":"https:\/\/armstrongyregion.com.ar\/diario\/wp-json\/wp\/v2\/posts\/41904","targetHints":{"allow":["GET"]}}],"collection":[{"href":"https:\/\/armstrongyregion.com.ar\/diario\/wp-json\/wp\/v2\/posts"}],"about":[{"href":"https:\/\/armstrongyregion.com.ar\/diario\/wp-json\/wp\/v2\/types\/post"}],"author":[{"embeddable":true,"href":"https:\/\/armstrongyregion.com.ar\/diario\/wp-json\/wp\/v2\/users\/1"}],"replies":[{"embeddable":true,"href":"https:\/\/armstrongyregion.com.ar\/diario\/wp-json\/wp\/v2\/comments?post=41904"}],"version-history":[{"count":2,"href":"https:\/\/armstrongyregion.com.ar\/diario\/wp-json\/wp\/v2\/posts\/41904\/revisions"}],"predecessor-version":[{"id":41906,"href":"https:\/\/armstrongyregion.com.ar\/diario\/wp-json\/wp\/v2\/posts\/41904\/revisions\/41906"}],"wp:featuredmedia":[{"embeddable":true,"href":"https:\/\/armstrongyregion.com.ar\/diario\/wp-json\/wp\/v2\/media\/40415"}],"wp:attachment":[{"href":"https:\/\/armstrongyregion.com.ar\/diario\/wp-json\/wp\/v2\/media?parent=41904"}],"wp:term":[{"taxonomy":"category","embeddable":true,"href":"https:\/\/armstrongyregion.com.ar\/diario\/wp-json\/wp\/v2\/categories?post=41904"},{"taxonomy":"post_tag","embeddable":true,"href":"https:\/\/armstrongyregion.com.ar\/diario\/wp-json\/wp\/v2\/tags?post=41904"}],"curies":[{"name":"wp","href":"https:\/\/api.w.org\/{rel}","templated":true}]}}