{"id":41896,"date":"2024-02-29T02:13:15","date_gmt":"2024-02-29T02:13:15","guid":{"rendered":"https:\/\/armstrongyregion.com.ar\/diario\/?p=41896"},"modified":"2024-02-29T02:13:17","modified_gmt":"2024-02-29T02:13:17","slug":"el-intendente-luzzi-participo-del-comienzo-de-un-nuevo-ciclo-lectivo","status":"publish","type":"post","link":"https:\/\/armstrongyregion.com.ar\/diario\/el-intendente-luzzi-participo-del-comienzo-de-un-nuevo-ciclo-lectivo\/","title":{"rendered":"El intendente Luzzi particip\u00f3 del comienzo de un nuevo ciclo lectivo."},"content":{"rendered":"\n<figure class=\"wp-block-image size-full\"><a href=\"http:\/\/armstrongyregion.com.ar\/diario\/wp-content\/uploads\/2024\/02\/inicio-2024-4.jpg\"><img loading=\"lazy\" decoding=\"async\" width=\"675\" height=\"450\" src=\"http:\/\/armstrongyregion.com.ar\/diario\/wp-content\/uploads\/2024\/02\/inicio-2024-4.jpg\" alt=\"\" class=\"wp-image-41897\" srcset=\"https:\/\/armstrongyregion.com.ar\/diario\/wp-content\/uploads\/2024\/02\/inicio-2024-4.jpg 675w, https:\/\/armstrongyregion.com.ar\/diario\/wp-content\/uploads\/2024\/02\/inicio-2024-4-300x200.jpg 300w\" sizes=\"auto, (max-width: 675px) 100vw, 675px\" \/><\/a><\/figure>\n\n\n\n<p>En esta oportunidad lo hizo visitando la Escuela T\u00e9cnica Fray Luis Beltr\u00e1n, acompa\u00f1ado por el Senador Pablo Verdecchia, la delegada de la Regi\u00f3n V Marisa Principe, el Pte. del Concejo Prof. Alejandro Pertusati y la Directora de Educaci\u00f3n Municipal Rosana Siri.<\/p>\n\n\n\n<figure class=\"wp-block-image size-full\"><a href=\"http:\/\/armstrongyregion.com.ar\/diario\/wp-content\/uploads\/2024\/02\/inicio-2024-2-.jpg\"><img loading=\"lazy\" decoding=\"async\" width=\"675\" height=\"450\" src=\"http:\/\/armstrongyregion.com.ar\/diario\/wp-content\/uploads\/2024\/02\/inicio-2024-2-.jpg\" alt=\"\" class=\"wp-image-41898\" srcset=\"https:\/\/armstrongyregion.com.ar\/diario\/wp-content\/uploads\/2024\/02\/inicio-2024-2-.jpg 675w, https:\/\/armstrongyregion.com.ar\/diario\/wp-content\/uploads\/2024\/02\/inicio-2024-2--300x200.jpg 300w\" sizes=\"auto, (max-width: 675px) 100vw, 675px\" \/><\/a><\/figure>\n\n\n\n<p>Compartieron el acto que dio inicio al ciclo lectivo con la comunidad escolar, directivos, docentes, alumnos y familias, donde el funcionario destac\u00f3 el trabajo interdisciplinario con las distintas escuelas.<\/p>\n\n\n\n<figure class=\"wp-block-image size-full\"><a href=\"http:\/\/armstrongyregion.com.ar\/diario\/wp-content\/uploads\/2024\/02\/inicio-2024-1-.jpg\"><img loading=\"lazy\" decoding=\"async\" width=\"675\" height=\"450\" src=\"http:\/\/armstrongyregion.com.ar\/diario\/wp-content\/uploads\/2024\/02\/inicio-2024-1-.jpg\" alt=\"\" class=\"wp-image-41899\" srcset=\"https:\/\/armstrongyregion.com.ar\/diario\/wp-content\/uploads\/2024\/02\/inicio-2024-1-.jpg 675w, https:\/\/armstrongyregion.com.ar\/diario\/wp-content\/uploads\/2024\/02\/inicio-2024-1--300x200.jpg 300w\" sizes=\"auto, (max-width: 675px) 100vw, 675px\" \/><\/a><\/figure>\n\n\n\n<p>El intendente Luzzi expres\u00f3: \u00abDeseamos a todos que tengan un gran ciclo lectivo en este 2024 y reafirmamos nuestro compromiso de seguir trabajando en conjunto y acompa\u00f1ando en cada iniciativa\u00bb.<\/p>\n\n\n\n<figure class=\"wp-block-image size-full\"><a href=\"http:\/\/armstrongyregion.com.ar\/diario\/wp-content\/uploads\/2024\/02\/inicio-2024-3-.jpg\"><img loading=\"lazy\" decoding=\"async\" width=\"675\" height=\"450\" src=\"http:\/\/armstrongyregion.com.ar\/diario\/wp-content\/uploads\/2024\/02\/inicio-2024-3-.jpg\" alt=\"\" class=\"wp-image-41901\" srcset=\"https:\/\/armstrongyregion.com.ar\/diario\/wp-content\/uploads\/2024\/02\/inicio-2024-3-.jpg 675w, https:\/\/armstrongyregion.com.ar\/diario\/wp-content\/uploads\/2024\/02\/inicio-2024-3--300x200.jpg 300w\" sizes=\"auto, (max-width: 675px) 100vw, 675px\" \/><\/a><\/figure>\n","protected":false},"excerpt":{"rendered":"<p>El intendente Luzzi particip\u00f3 del comienzo de un nuevo ciclo lectivo.<\/p>\n","protected":false},"author":1,"featured_media":41898,"comment_status":"open","ping_status":"open","sticky":false,"template":"","format":"image","meta":{"_jetpack_memberships_contains_paid_content":false,"footnotes":"","jetpack_publicize_message":"","jetpack_publicize_feature_enabled":true,"jetpack_social_post_already_shared":true,"jetpack_social_options":{"image_generator_settings":{"template":"highway","default_image_id":0,"enabled":false},"version":2}},"categories":[6,8,1,2,7,3],"tags":[699,2728,19,53,4608,3435,8777,8735,51,992,192],"class_list":["post-41896","post","type-post","status-publish","format-image","has-post-thumbnail","hentry","category-cultura-entretenimiento","category-deliberando","category-diario-armstrong","category-locales","category-politica","category-region","tag-ciclo","tag-comienzo","tag-de","tag-del","tag-diario-armstrong-y-region","tag-lectivo","tag-lic-graciela-de-la-casa","tag-luzzi","tag-nuevo","tag-participo","tag-un","post_format-post-format-image"],"jetpack_publicize_connections":[],"jetpack_featured_media_url":"https:\/\/armstrongyregion.com.ar\/diario\/wp-content\/uploads\/2024\/02\/inicio-2024-2-.jpg","jetpack_shortlink":"https:\/\/wp.me\/p62QDO-aTK","jetpack_sharing_enabled":true,"amp_enabled":true,"_links":{"self":[{"href":"https:\/\/armstrongyregion.com.ar\/diario\/wp-json\/wp\/v2\/posts\/41896","targetHints":{"allow":["GET"]}}],"collection":[{"href":"https:\/\/armstrongyregion.com.ar\/diario\/wp-json\/wp\/v2\/posts"}],"about":[{"href":"https:\/\/armstrongyregion.com.ar\/diario\/wp-json\/wp\/v2\/types\/post"}],"author":[{"embeddable":true,"href":"https:\/\/armstrongyregion.com.ar\/diario\/wp-json\/wp\/v2\/users\/1"}],"replies":[{"embeddable":true,"href":"https:\/\/armstrongyregion.com.ar\/diario\/wp-json\/wp\/v2\/comments?post=41896"}],"version-history":[{"count":1,"href":"https:\/\/armstrongyregion.com.ar\/diario\/wp-json\/wp\/v2\/posts\/41896\/revisions"}],"predecessor-version":[{"id":41902,"href":"https:\/\/armstrongyregion.com.ar\/diario\/wp-json\/wp\/v2\/posts\/41896\/revisions\/41902"}],"wp:featuredmedia":[{"embeddable":true,"href":"https:\/\/armstrongyregion.com.ar\/diario\/wp-json\/wp\/v2\/media\/41898"}],"wp:attachment":[{"href":"https:\/\/armstrongyregion.com.ar\/diario\/wp-json\/wp\/v2\/media?parent=41896"}],"wp:term":[{"taxonomy":"category","embeddable":true,"href":"https:\/\/armstrongyregion.com.ar\/diario\/wp-json\/wp\/v2\/categories?post=41896"},{"taxonomy":"post_tag","embeddable":true,"href":"https:\/\/armstrongyregion.com.ar\/diario\/wp-json\/wp\/v2\/tags?post=41896"}],"curies":[{"name":"wp","href":"https:\/\/api.w.org\/{rel}","templated":true}]}}