{"id":41894,"date":"2024-02-29T01:49:54","date_gmt":"2024-02-29T01:49:54","guid":{"rendered":"https:\/\/armstrongyregion.com.ar\/diario\/?p=41894"},"modified":"2024-02-29T01:49:55","modified_gmt":"2024-02-29T01:49:55","slug":"armstrong-comunicado-por-cambio-de-horario-marzo-2024","status":"publish","type":"post","link":"https:\/\/armstrongyregion.com.ar\/diario\/armstrong-comunicado-por-cambio-de-horario-marzo-2024\/","title":{"rendered":"Armstrong. Comunicado por cambio de horario Marzo 2024."},"content":{"rendered":"\n<figure class=\"wp-block-image size-full\"><a href=\"http:\/\/armstrongyregion.com.ar\/diario\/wp-content\/uploads\/2023\/02\/comunicado-1.jpg\"><img loading=\"lazy\" decoding=\"async\" width=\"343\" height=\"343\" src=\"http:\/\/armstrongyregion.com.ar\/diario\/wp-content\/uploads\/2023\/02\/comunicado-1.jpg\" alt=\"\" class=\"wp-image-37378\" srcset=\"https:\/\/armstrongyregion.com.ar\/diario\/wp-content\/uploads\/2023\/02\/comunicado-1.jpg 343w, https:\/\/armstrongyregion.com.ar\/diario\/wp-content\/uploads\/2023\/02\/comunicado-1-300x300.jpg 300w, https:\/\/armstrongyregion.com.ar\/diario\/wp-content\/uploads\/2023\/02\/comunicado-1-150x150.jpg 150w\" sizes=\"auto, (max-width: 343px) 100vw, 343px\" \/><\/a><\/figure>\n\n\n\n<p><strong>La Municipalidad de Armstrong informa que desde el 1 de marzo de 2024, el horario de atenci\u00f3n al<br>p\u00fablico en las oficinas de San Mart\u00edn y Otto Bantle es de 07:00 a 13:00 hs.<br>Muchas gracias.<\/strong><\/p>\n","protected":false},"excerpt":{"rendered":"<p>Armstrong. Comunicado por cambio de horario Marzo 2024.<\/p>\n","protected":false},"author":1,"featured_media":37378,"comment_status":"open","ping_status":"open","sticky":false,"template":"","format":"image","meta":{"_jetpack_memberships_contains_paid_content":false,"footnotes":"","jetpack_publicize_message":"","jetpack_publicize_feature_enabled":true,"jetpack_social_post_already_shared":true,"jetpack_social_options":{"image_generator_settings":{"template":"highway","default_image_id":0,"enabled":false},"version":2}},"categories":[8,1,2,7],"tags":[311,1080,19,4608,9855,8777,949],"class_list":["post-41894","post","type-post","status-publish","format-image","has-post-thumbnail","hentry","category-deliberando","category-diario-armstrong","category-locales","category-politica","tag-cambio","tag-comunicado","tag-de","tag-diario-armstrong-y-region","tag-horario","tag-lic-graciela-de-la-casa","tag-marzo","post_format-post-format-image"],"jetpack_publicize_connections":[],"jetpack_featured_media_url":"https:\/\/armstrongyregion.com.ar\/diario\/wp-content\/uploads\/2023\/02\/comunicado-1.jpg","jetpack_shortlink":"https:\/\/wp.me\/p62QDO-aTI","jetpack_sharing_enabled":true,"amp_enabled":true,"_links":{"self":[{"href":"https:\/\/armstrongyregion.com.ar\/diario\/wp-json\/wp\/v2\/posts\/41894","targetHints":{"allow":["GET"]}}],"collection":[{"href":"https:\/\/armstrongyregion.com.ar\/diario\/wp-json\/wp\/v2\/posts"}],"about":[{"href":"https:\/\/armstrongyregion.com.ar\/diario\/wp-json\/wp\/v2\/types\/post"}],"author":[{"embeddable":true,"href":"https:\/\/armstrongyregion.com.ar\/diario\/wp-json\/wp\/v2\/users\/1"}],"replies":[{"embeddable":true,"href":"https:\/\/armstrongyregion.com.ar\/diario\/wp-json\/wp\/v2\/comments?post=41894"}],"version-history":[{"count":1,"href":"https:\/\/armstrongyregion.com.ar\/diario\/wp-json\/wp\/v2\/posts\/41894\/revisions"}],"predecessor-version":[{"id":41895,"href":"https:\/\/armstrongyregion.com.ar\/diario\/wp-json\/wp\/v2\/posts\/41894\/revisions\/41895"}],"wp:featuredmedia":[{"embeddable":true,"href":"https:\/\/armstrongyregion.com.ar\/diario\/wp-json\/wp\/v2\/media\/37378"}],"wp:attachment":[{"href":"https:\/\/armstrongyregion.com.ar\/diario\/wp-json\/wp\/v2\/media?parent=41894"}],"wp:term":[{"taxonomy":"category","embeddable":true,"href":"https:\/\/armstrongyregion.com.ar\/diario\/wp-json\/wp\/v2\/categories?post=41894"},{"taxonomy":"post_tag","embeddable":true,"href":"https:\/\/armstrongyregion.com.ar\/diario\/wp-json\/wp\/v2\/tags?post=41894"}],"curies":[{"name":"wp","href":"https:\/\/api.w.org\/{rel}","templated":true}]}}