{"id":4189,"date":"2015-09-23T10:55:42","date_gmt":"2015-09-23T10:55:42","guid":{"rendered":"https:\/\/armstrongyregion.com.ar\/diario\/?p=4189"},"modified":"2015-09-23T10:55:42","modified_gmt":"2015-09-23T10:55:42","slug":"diego-mansilla-junto-a-perotti-julian-dominguez-jose-scioli-calo-peirano-y-urtubey","status":"publish","type":"post","link":"https:\/\/armstrongyregion.com.ar\/diario\/diego-mansilla-junto-a-perotti-julian-dominguez-jose-scioli-calo-peirano-y-urtubey\/","title":{"rendered":"Diego Mansilla junto a Perotti, Juli\u00e1n Dom\u00ednguez, Jos\u00e9 Scioli, Cal\u00f3, Peirano y Urtubey."},"content":{"rendered":"<p><a href=\"http:\/\/armstrongyregion.com.ar\/diario\/wp-content\/uploads\/2015\/09\/reuni\u00f3n-aer-1.jpg\"><img loading=\"lazy\" decoding=\"async\" class=\"alignnone size-medium wp-image-4190\" src=\"http:\/\/armstrongyregion.com.ar\/diario\/wp-content\/uploads\/2015\/09\/reuni\u00f3n-aer-1-300x200.jpg\" alt=\"reuni\u00f3n aer 1\" width=\"300\" height=\"200\" srcset=\"https:\/\/armstrongyregion.com.ar\/diario\/wp-content\/uploads\/2015\/09\/reuni\u00f3n-aer-1-300x200.jpg 300w, https:\/\/armstrongyregion.com.ar\/diario\/wp-content\/uploads\/2015\/09\/reuni\u00f3n-aer-1-1024x683.jpg 1024w\" sizes=\"auto, (max-width: 300px) 100vw, 300px\" \/><\/a>\u201cQueremos profundizar el movimiento de integraci\u00f3n regional\u201d<\/p>\n<p>\u201cEstamos ratificando el compromiso de darle continuidad a la formidable recuperaci\u00f3n lograda desde el a\u00f1o 2003, consolidando con Daniel Scioli y Carlos Zannini nuevas etapas del proyecto nacional de crecimiento y desarrollo con producci\u00f2n y empleo, con inclusi\u00f3n social\u201d, dijo hoy Diego Mansilla, candidato a parlamentario del Mercosur por el Frente para la Victoria santafesino, tras compartir actividades en Rosario con el candidato a senador nacional Omar Perotti, el presidente de la C\u00e1mara de Diputados de la Naci\u00f3n, Juli\u00e1n Dom\u00ednguez; el titular de la Fundaci\u00f3n DAR, Jos\u00e9 Scioli; el secretario general de la CGT, Antonio Cal\u00f3; el ex ministro de Econom\u00eda Miguel Peirano y el vicepresidente de la Uni\u00f3n Industrial Argentina (UIA), Jos\u00e9 Urtubey.<br \/>\nJunto con todos ellos, Mansilla y el titular de la regional Rosario de la Gerencia de Empleo del Ministerio de Trabajo de la Naci\u00f3n, Cristian Recchio, se sumaron a la reuni\u00f3n con empresarios realizada en la sede de la Asociaci\u00f3n Empresaria, donde fueron recibidos por el titular de la entidad anfitriona, Ricardo Diab y el titular de Unir (Uni\u00f3n Industrial Rosario) y dirigente de la UIA Guillermo Moretti.<br \/>\n\u201cNuestra propuesta es clara porque tiene como sustento las realizaciones logradas de la mano de N\u00e9stor Kirchner y de nuestra Presidenta, que pusieron el Estado nacional al servicio de la producci\u00f3n, de la industrial, del trabajo\u201d, enfatiz\u00f3 Mansilla. \u201cEn ese camino, un eje fundamental fue desendeudar el pa\u00eds, independizarlo otra vez de los condicionamientos de los poderes financieros internacionales, sum\u00e1ndolo decididamente al movimiento de integraci\u00f3n regional latinoamericana, que queremos profundizar a trav\u00e9s de la complementaci\u00f3n, de la planificaci\u00f3n conjunta con los pa\u00edses hermanos de la Patria Grande\u201d, destac\u00f3 el candidato al Parlasur por el FPV santafesino, quien luego de la reuni\u00f3n en la Asociaci\u00f3n Empresaria se sum\u00f3 tambi\u00e9n a una charla en la sede de la Universidad Nacional de Rosario.<br \/>\n\u201cCon Omar Perotti y Marilin Sacnun para el Senado nacional y con la lista de candidatos a diputados nacionales que encabeza Marcos Cleri estamos tambi\u00e9n convocando a llevar a nuestra provincia de Santa Fe a un rol mucho m\u00e1s protag\u00f3nico en la nueva etapa del desarrollo. Los santafesinos hemos demostrado largamente nuestra capacidad de trabajo, nuestra vocaci\u00f3n de progreso, de crecimiento, que debemos proyectar a todo el pa\u00eds y el continente\u201d, remarc\u00f3 Diego Mansilla.<\/p>\n","protected":false},"excerpt":{"rendered":"<p>\u201cQueremos profundizar el movimiento de integraci\u00f3n regional\u201d \u201cEstamos ratificando el compromiso de darle continuidad a la formidable recuperaci\u00f3n lograda desde el a\u00f1o 2003, consolidando con Daniel Scioli y Carlos Zannini nuevas etapas del proyecto nacional de crecimiento y desarrollo con producci\u00f2n y empleo, con inclusi\u00f3n social\u201d, dijo hoy Diego Mansilla, candidato a parlamentario del Mercosur <a href=\"https:\/\/armstrongyregion.com.ar\/diario\/diego-mansilla-junto-a-perotti-julian-dominguez-jose-scioli-calo-peirano-y-urtubey\/\" title=\"Read more\" >&#8230;<\/a><\/p>\n","protected":false},"author":2,"featured_media":4190,"comment_status":"open","ping_status":"open","sticky":false,"template":"","format":"standard","meta":{"_jetpack_memberships_contains_paid_content":false,"footnotes":"","jetpack_publicize_message":"","jetpack_publicize_feature_enabled":true,"jetpack_social_post_already_shared":false,"jetpack_social_options":{"image_generator_settings":{"template":"highway","default_image_id":0,"enabled":false},"version":2}},"categories":[1,7,3],"tags":[33,2789,990,2788,772,2246,290,991,2790,1409,2331,2791,13],"class_list":["post-4189","post","type-post","status-publish","format-standard","has-post-thumbnail","hentry","category-diario-armstrong","category-politica","category-region","tag-a","tag-calo","tag-diego","tag-dominguez","tag-jose","tag-julian","tag-junto","tag-mansilla","tag-peirano","tag-perotti","tag-scioli","tag-urtubey","tag-y"],"jetpack_publicize_connections":[],"jetpack_featured_media_url":"https:\/\/armstrongyregion.com.ar\/diario\/wp-content\/uploads\/2015\/09\/reuni\u00f3n-aer-1.jpg","jetpack_shortlink":"https:\/\/wp.me\/p62QDO-15z","jetpack_sharing_enabled":true,"amp_enabled":true,"_links":{"self":[{"href":"https:\/\/armstrongyregion.com.ar\/diario\/wp-json\/wp\/v2\/posts\/4189","targetHints":{"allow":["GET"]}}],"collection":[{"href":"https:\/\/armstrongyregion.com.ar\/diario\/wp-json\/wp\/v2\/posts"}],"about":[{"href":"https:\/\/armstrongyregion.com.ar\/diario\/wp-json\/wp\/v2\/types\/post"}],"author":[{"embeddable":true,"href":"https:\/\/armstrongyregion.com.ar\/diario\/wp-json\/wp\/v2\/users\/2"}],"replies":[{"embeddable":true,"href":"https:\/\/armstrongyregion.com.ar\/diario\/wp-json\/wp\/v2\/comments?post=4189"}],"version-history":[{"count":0,"href":"https:\/\/armstrongyregion.com.ar\/diario\/wp-json\/wp\/v2\/posts\/4189\/revisions"}],"wp:featuredmedia":[{"embeddable":true,"href":"https:\/\/armstrongyregion.com.ar\/diario\/wp-json\/wp\/v2\/media\/4190"}],"wp:attachment":[{"href":"https:\/\/armstrongyregion.com.ar\/diario\/wp-json\/wp\/v2\/media?parent=4189"}],"wp:term":[{"taxonomy":"category","embeddable":true,"href":"https:\/\/armstrongyregion.com.ar\/diario\/wp-json\/wp\/v2\/categories?post=4189"},{"taxonomy":"post_tag","embeddable":true,"href":"https:\/\/armstrongyregion.com.ar\/diario\/wp-json\/wp\/v2\/tags?post=4189"}],"curies":[{"name":"wp","href":"https:\/\/api.w.org\/{rel}","templated":true}]}}