{"id":41887,"date":"2024-02-29T01:39:47","date_gmt":"2024-02-29T01:39:47","guid":{"rendered":"https:\/\/armstrongyregion.com.ar\/diario\/?p=41887"},"modified":"2024-02-29T01:39:49","modified_gmt":"2024-02-29T01:39:49","slug":"pullaro-la-region-centro-va-a-liderar-el-cambio-que-va-a-venir-en-argentina","status":"publish","type":"post","link":"https:\/\/armstrongyregion.com.ar\/diario\/pullaro-la-region-centro-va-a-liderar-el-cambio-que-va-a-venir-en-argentina\/","title":{"rendered":"Pullaro: \u201cLa Regi\u00f3n Centro va a liderar el cambio que va a venir en Argentina\u201d"},"content":{"rendered":"\n<figure class=\"wp-block-image size-full\"><a href=\"http:\/\/armstrongyregion.com.ar\/diario\/wp-content\/uploads\/2024\/02\/pullaro-frigerio.jpg\"><img loading=\"lazy\" decoding=\"async\" width=\"570\" height=\"320\" src=\"http:\/\/armstrongyregion.com.ar\/diario\/wp-content\/uploads\/2024\/02\/pullaro-frigerio.jpg\" alt=\"\" class=\"wp-image-41888\" srcset=\"https:\/\/armstrongyregion.com.ar\/diario\/wp-content\/uploads\/2024\/02\/pullaro-frigerio.jpg 570w, https:\/\/armstrongyregion.com.ar\/diario\/wp-content\/uploads\/2024\/02\/pullaro-frigerio-300x168.jpg 300w\" sizes=\"auto, (max-width: 570px) 100vw, 570px\" \/><\/a><\/figure>\n\n\n\n<h2 class=\"wp-block-heading\">El gobernador santafesino particip\u00f3 en Paran\u00e1 de una reuni\u00f3n de trabajo del Gabinete Productivo de la Regi\u00f3n Centro. \u201cEste debe ser el \u00e1mbito donde consensuemos pol\u00edticas p\u00fablicas que generen empleo y crecimiento econ\u00f3mico\u201d, dijo junto a su par entrerriano, Rogelio Frigerio.<\/h2>\n\n\n\n<figure class=\"wp-block-table\"><table><tbody><tr><td>Los gobernadores de Santa Fe, Maximiliano Pullaro, y de Entre R\u00edos, Rogelio Frigerio, participaron del encuentro del Gabinete Productivo de la Regi\u00f3n Centro, que se realiz\u00f3 este mi\u00e9rcoles en el Centro Provincial de Convenciones de la ciudad de Paran\u00e1.La reuni\u00f3n de trabajo tuvo como ejes la proyecci\u00f3n de acciones para desarrollar una log\u00edstica competitiva para la Regi\u00f3n, las cadenas de valor y la promoci\u00f3n de las exportaciones. Se abord\u00f3 tambi\u00e9n el \u00edtem de econom\u00eda circular como paradigma de crecimiento; y agregado de valor, sustentabilidad y el rol de las energ\u00edas renovables en los nuevos esquemas productivos.Pullaro dijo que \u201ces muy importante empezar a pensar pol\u00edticas comunes, de asociativismo, de coordinaci\u00f3n, y pol\u00edticas p\u00fablicas que nos permitan desarrollar y llegar hasta lo m\u00e1s profundo de los temas que son importantes en un momento muy dif\u00edcil de la Rep\u00fablica Argentina\u201d, y manifest\u00f3 su convencimiento de que \u201cel modelo que tiene que venir para el pa\u00eds tiene que ser un modelo de desarrollo productivo, en donde el campo, la industria, el comercio, la ciencia, la tecnolog\u00eda, el rol de las universidades, la innovaci\u00f3n y la inversi\u00f3n est\u00e9n directamente enfocadas a lo que tiene que ser algo fundamental, que es el crecimiento econ\u00f3mico y la generaci\u00f3n de empleo\u201d.Para ello, \u201cla Regi\u00f3n Centro tiene que ser el lugar en donde debatamos y consensuemos pol\u00edticas p\u00fablicas, y tengamos el inmenso objetivo de poner en la agenda pol\u00edtica nacional las necesidades de un pa\u00eds que tiene que transformar su matriz. No podemos seguir nosotros aportando recursos a un gobierno central que lo termina volcando siempre en el AMBA, en programas de gobierno que tienen que ver con subsidios, con planes sociales, y no haya una mirada de desarrollo para el interior\u201d, pidi\u00f3 el gobernador.Pullaro asegur\u00f3 tambi\u00e9n que \u201cvamos a avanzar much\u00edsimo si en estos cuatro a\u00f1os tenemos la capacidad de fortalecernos, de asociarnos, de pensar pol\u00edticas juntos, de pensar cu\u00e1les son los nichos de mercado interno que tenemos que defender, pero tambi\u00e9n potenciar el mercado externo, de intentar crecer en nuevos mercados, y de lograr a trav\u00e9s de nuestras universidades y polos tecnol\u00f3gicos que crezca la producci\u00f3n en cada una de sus \u00e1reas\u201d.Finalmente, el gobernador dijo tener \u201cmucha expectativa de que vamos a salir adelante. Entre R\u00edos, Santa Fe y C\u00f3rdoba van a liderar el cambio que va a venir en la Rep\u00fablica Argentina. Lo vamos a liderar porque tenemos una potencia tan inmensa aqu\u00ed, nuestros vecinos van a estar bien en el mediano plazo, y ese es el mensaje de optimismo que le quiero dejar, nos estamos esforzando, tenemos buenos equipos y vamos a trabajar para que todos estemos mucho mejor\u201d.<img decoding=\"async\" alt=\"\" src=\"https:\/\/ci3.googleusercontent.com\/meips\/ADKq_NZbsS6-tPAazGb7r55amZFaSM7rCAsjoSj-rZRkiOIlT-KqP7Xae5jNI0RTYEkwaQ2sJ2wGb1iTs3cv5uObhYoLYWdsCRN6PT15Alv6BrkNilWLo4sVz4pO5wMahGWXWd2T20um0G8V3apbvRU=s0-d-e1-ft#https:\/\/www.santafe.gob.ar\/noticias\/recursos\/fotos\/2024\/02\/2024-02-28NID_279808O_2.jpeg\"><strong>Unidad de pensamiento y trabajo<\/strong>A su turno, Frigerio manifest\u00f3 que \u201ccoincidimos y planteamos permanentemente que no hay salida para la Argentina y para nuestra regi\u00f3n si no impulsamos desde el Estado pol\u00edticas que fomenten la actividad privada\u201d, y destac\u00f3 que \u201cestas reuniones que venimos teniendo vinculadas con el sector productivo tambi\u00e9n tienen que mostrar otra cara de la pol\u00edtica: la de los pol\u00edticos trabajando juntos todos los d\u00edas para que la gente pueda vivir mejor, y que la pol\u00edtica sirva para resolver problemas concretos de los ciudadanos\u201d.\u201cCreemos en esto, en esta unidad de pensamiento y de trabajo que hemos conformado y que vamos a seguir impulsando todos los d\u00edas cada a\u00f1o un poco m\u00e1s, para hacer de la Regi\u00f3n Centro un polo de desarrollo, la regi\u00f3n m\u00e1s importante del pa\u00eds, la regi\u00f3n que impulse el desarrollo econ\u00f3mico y social de los argentinos\u201d.Finalmente, el presidente del Ente Regi\u00f3n Centro de Entre R\u00edos, Jorge Chemes, indic\u00f3 que \u201cestamos buscando l\u00edneas que generen desarrollo y crecimiento acorde a tres provincias que ocupan un lugar preponderante en nuestro pa\u00eds, que generan una producci\u00f3n que es mayoritaria en la Argentina, y que debemos potenciar. A eso apuntamos en la Regi\u00f3n Centro, a eso estamos yendo para formar una agenda que responda a las necesidades de este sector tan importante\u00bb.Del encuentro participaron tambi\u00e9n la subsecretaria de la Regi\u00f3n Centro de la provincia de Santa Fe, Claudia Giaccone; el ministro de Desarrollo Productivo, Gustavo Puccini; y el secretario de Integraci\u00f3n Regional y de Relaciones Internacionales de C\u00f3rdoba, Carlos Massei, entre otros.<img decoding=\"async\" alt=\"\" src=\"https:\/\/ci3.googleusercontent.com\/meips\/ADKq_NZHwRbRd_kZE5DOWUqziIU4guuWjSC8H8bf0Xlh8Mh8PGib2soewXouphiCzy22MDgJ3oHGSxe2OLh5OsyGdjaD0I3ZDYazASV-hg43zJs_DHOYOhaIxZWQI0IwDdyFl5LfW7_Ozw-CAMSFl4Y=s0-d-e1-ft#https:\/\/www.santafe.gob.ar\/noticias\/recursos\/fotos\/2024\/02\/2024-02-28NID_279808O_3.jpeg\"><img decoding=\"async\" alt=\"\" src=\"https:\/\/ci3.googleusercontent.com\/meips\/ADKq_Nb5nu5DTLYTazk9Fga1cpHD42cfkaN7lScPUrIVfRWwGCZwTUtpZJM-XIRhxTFnuenapk4O5Bnzz3wh5oYt3KzkYzf16lLSOdOJsjyzyY-AMDi-nOlF9JjGHKttX5LwKOlWD8VV862WnAUDTnw=s0-d-e1-ft#https:\/\/www.santafe.gob.ar\/noticias\/recursos\/fotos\/2024\/02\/2024-02-28NID_279808O_4.jpeg\">&nbsp;<\/td><td>&nbsp;<\/td><\/tr><\/tbody><\/table><\/figure>\n\n\n\n<figure class=\"wp-block-table\"><table><tbody><tr><td>&nbsp;<\/td><td>&nbsp;<\/td><\/tr><\/tbody><\/table><\/figure>\n","protected":false},"excerpt":{"rendered":"<p>El gobernador santafesino particip\u00f3 en Paran\u00e1 de una reuni\u00f3n de trabajo del Gabinete Productivo de la Regi\u00f3n Centro. \u201cEste debe ser el \u00e1mbito donde consensuemos pol\u00edticas p\u00fablicas que generen empleo y crecimiento econ\u00f3mico\u201d, dijo junto a su par entrerriano, Rogelio Frigerio. Los gobernadores de Santa Fe, Maximiliano Pullaro, y de Entre R\u00edos, Rogelio Frigerio, participaron <a href=\"https:\/\/armstrongyregion.com.ar\/diario\/pullaro-la-region-centro-va-a-liderar-el-cambio-que-va-a-venir-en-argentina\/\" title=\"Read more\" >&#8230;<\/a><\/p>\n","protected":false},"author":1,"featured_media":41888,"comment_status":"open","ping_status":"open","sticky":false,"template":"","format":"image","meta":{"_jetpack_memberships_contains_paid_content":false,"footnotes":"","jetpack_publicize_message":"","jetpack_publicize_feature_enabled":true,"jetpack_social_post_already_shared":true,"jetpack_social_options":{"image_generator_settings":{"template":"highway","default_image_id":0,"enabled":false},"version":2}},"categories":[8,1,2,7,3],"tags":[311,21,4608,16,8777,10352,2846,388,1765],"class_list":["post-41887","post","type-post","status-publish","format-image","has-post-thumbnail","hentry","category-deliberando","category-diario-armstrong","category-locales","category-politica","category-region","tag-cambio","tag-centro","tag-diario-armstrong-y-region","tag-el","tag-lic-graciela-de-la-casa","tag-liderar","tag-pullaro","tag-region-2","tag-va","post_format-post-format-image"],"jetpack_publicize_connections":[],"jetpack_featured_media_url":"https:\/\/armstrongyregion.com.ar\/diario\/wp-content\/uploads\/2024\/02\/pullaro-frigerio.jpg","jetpack_shortlink":"https:\/\/wp.me\/p62QDO-aTB","jetpack_sharing_enabled":true,"amp_enabled":true,"_links":{"self":[{"href":"https:\/\/armstrongyregion.com.ar\/diario\/wp-json\/wp\/v2\/posts\/41887","targetHints":{"allow":["GET"]}}],"collection":[{"href":"https:\/\/armstrongyregion.com.ar\/diario\/wp-json\/wp\/v2\/posts"}],"about":[{"href":"https:\/\/armstrongyregion.com.ar\/diario\/wp-json\/wp\/v2\/types\/post"}],"author":[{"embeddable":true,"href":"https:\/\/armstrongyregion.com.ar\/diario\/wp-json\/wp\/v2\/users\/1"}],"replies":[{"embeddable":true,"href":"https:\/\/armstrongyregion.com.ar\/diario\/wp-json\/wp\/v2\/comments?post=41887"}],"version-history":[{"count":1,"href":"https:\/\/armstrongyregion.com.ar\/diario\/wp-json\/wp\/v2\/posts\/41887\/revisions"}],"predecessor-version":[{"id":41889,"href":"https:\/\/armstrongyregion.com.ar\/diario\/wp-json\/wp\/v2\/posts\/41887\/revisions\/41889"}],"wp:featuredmedia":[{"embeddable":true,"href":"https:\/\/armstrongyregion.com.ar\/diario\/wp-json\/wp\/v2\/media\/41888"}],"wp:attachment":[{"href":"https:\/\/armstrongyregion.com.ar\/diario\/wp-json\/wp\/v2\/media?parent=41887"}],"wp:term":[{"taxonomy":"category","embeddable":true,"href":"https:\/\/armstrongyregion.com.ar\/diario\/wp-json\/wp\/v2\/categories?post=41887"},{"taxonomy":"post_tag","embeddable":true,"href":"https:\/\/armstrongyregion.com.ar\/diario\/wp-json\/wp\/v2\/tags?post=41887"}],"curies":[{"name":"wp","href":"https:\/\/api.w.org\/{rel}","templated":true}]}}