{"id":41882,"date":"2024-02-27T23:07:57","date_gmt":"2024-02-27T23:07:57","guid":{"rendered":"https:\/\/armstrongyregion.com.ar\/diario\/?p=41882"},"modified":"2024-02-28T00:14:38","modified_gmt":"2024-02-28T00:14:38","slug":"pacchiotti-sabemos-que-milei-rechaza-cualquier-atisbo-de-derechos-para-las-mujeres-y-las-diversidades","status":"publish","type":"post","link":"https:\/\/armstrongyregion.com.ar\/diario\/pacchiotti-sabemos-que-milei-rechaza-cualquier-atisbo-de-derechos-para-las-mujeres-y-las-diversidades\/","title":{"rendered":"Pacchiotti: \u00abSabemos que Milei rechaza cualquier atisbo de derechos para las mujeres y las diversidades\u00bb"},"content":{"rendered":"\n<figure class=\"wp-block-image size-full\"><a href=\"http:\/\/armstrongyregion.com.ar\/diario\/wp-content\/uploads\/2024\/02\/lenguajeinclusivo-1024x683-1.jpg\"><img loading=\"lazy\" decoding=\"async\" width=\"512\" height=\"307\" src=\"http:\/\/armstrongyregion.com.ar\/diario\/wp-content\/uploads\/2024\/02\/lenguajeinclusivo-1024x683-1.jpg\" alt=\"\" class=\"wp-image-41883\" srcset=\"https:\/\/armstrongyregion.com.ar\/diario\/wp-content\/uploads\/2024\/02\/lenguajeinclusivo-1024x683-1.jpg 512w, https:\/\/armstrongyregion.com.ar\/diario\/wp-content\/uploads\/2024\/02\/lenguajeinclusivo-1024x683-1-300x180.jpg 300w\" sizes=\"auto, (max-width: 512px) 100vw, 512px\" \/><\/a><\/figure>\n\n\n\n<h2 class=\"wp-block-heading\"><strong>As\u00ed se manifest\u00f3 la dirigente de Ciudad Futura ante el anuncio de prohibir el lenguaje inclusivo y todo lo referente a la perspectiva de g\u00e9nero en la administraci\u00f3n p\u00fablica nacional<\/strong>.<\/h2>\n\n\n\n<p>Esta ma\u00f1ana, el vocero presidencial, Manuel Adorni<strong>,&nbsp;<\/strong>anunci\u00f3 que se prohibir\u00e1 el uso de lenguaje inclusivo y todo lo referente a la perspectiva de g\u00e9nero en la administraci\u00f3n p\u00fablica.&nbsp;<em>\u201c<\/em><em>Sabemos que nuestro presidente rechaza cualquier atisbo de derechos para las mujeres y las diversidades\u201d,<\/em>&nbsp;manifest\u00f3 a&nbsp;<strong><em>En el Recinto<\/em><\/strong>&nbsp;D\u00e1maris Pacchiotti. Seg\u00fan Adorni:&nbsp;<em>\u00abNo se va a poder utilizar la letra \u00abe\u00bb, ni el \u201c@\u201d, ni la \u00abx\u00bb. Tambi\u00e9n se va a evitar la innecesaria inclusi\u00f3n del femenino en todos los documentos de la administraci\u00f3n p\u00fablica\u00bb.<\/em><\/p>\n\n\n\n<p>Cabe recordar que antes de ser presidente, Milei plante\u00f3 su oposici\u00f3n al uso de la \u00abe\u00bb y a la perspectiva de g\u00e9nero de manera general. Espec\u00edficamente, fue su discurso liberal el que respald\u00f3 esta opini\u00f3n, ya que consider\u00f3 que el Estado no debe responsabilizarse ni direccionar sus recursos a todo lo que est\u00e9 vinculado con la agenda feminista.<\/p>\n\n\n\n<figure class=\"wp-block-image\"><img decoding=\"async\" src=\"https:\/\/enelrecinto.com.ar\/wp-content\/uploads\/2023\/06\/7ed3389f-73ad-4585-9852-8364ad4fa31c.jpg\" alt=\"\" class=\"wp-image-12301\"\/><\/figure>\n\n\n\n<p>Al respecto, la exdiputada provincial D\u00e1maris Pacchiotti explic\u00f3:&nbsp;<em>\u201cEstamos en un contexto terrible para la mayor\u00eda de nuestro pueblo, traer una restricci\u00f3n al lenguaje que, por cierto, es din\u00e1mico y cultural, s\u00f3lo tiene como fin \u00faltimo desviar la atenci\u00f3n p\u00fablica para que las decisiones pol\u00edticas que afectan a la gente pasen desapercibidas\u201d.<\/em><\/p>\n\n\n\n<p><em>\u201cPero esto se da en d\u00edas donde el gobierno defini\u00f3 desfinanciar por ejemplo, una pol\u00edtica de estado ejemplar, una de las pol\u00edticas m\u00e1s importantes de estos 40 a\u00f1os de democracia, la urbanizaci\u00f3n de nuestros barrios populares, pol\u00edtica que fue coordinada entre las organizaciones sociales y religiosas, durante el gobierno de Mauricio Macri y financiada luego a trav\u00e9s del FISU (fondo de integraci\u00f3n socio urbana) en el gobierno de Alberto Fern\u00e1ndez\u00a0para hacerla operativa\u201d,<\/em>\u00a0complet\u00f3 la dirigente de Ciudad Futura. Para finalizar, destac\u00f3 que\u00a0<em>\u201ceste 8 de marzo ser\u00e1 una gran oportunidad para encontrarnos y seguir resistiendo, porque nuestros derechos no se negocian\u201d.<\/em><\/p>\n\n\n\n<p>Fuente: Enelrecinto.com<\/p>\n","protected":false},"excerpt":{"rendered":"<p>Pacchiotti: \u00abSabemos que Milei rechaza cualquier atisbo de derechos para las mujeres y las diversidades\u00bb<\/p>\n","protected":false},"author":1,"featured_media":41883,"comment_status":"open","ping_status":"open","sticky":false,"template":"","format":"image","meta":{"_jetpack_memberships_contains_paid_content":false,"footnotes":"","jetpack_publicize_message":"","jetpack_publicize_feature_enabled":true,"jetpack_social_post_already_shared":true,"jetpack_social_options":{"image_generator_settings":{"template":"highway","default_image_id":0,"enabled":false},"version":2}},"categories":[8,1,2,7,3],"tags":[10350,1242,19,3143,4608,23,8777,9708,9146,3299,81,108,10349,10348],"class_list":["post-41882","post","type-post","status-publish","format-image","has-post-thumbnail","hentry","category-deliberando","category-diario-armstrong","category-locales","category-politica","category-region","tag-astibo","tag-cualquier","tag-de","tag-derechos","tag-diario-armstrong-y-region","tag-las","tag-lic-graciela-de-la-casa","tag-milei","tag-mujeres-2","tag-pacchiotti","tag-para","tag-que","tag-rechaza","tag-sabemos","post_format-post-format-image"],"jetpack_publicize_connections":[],"jetpack_featured_media_url":"https:\/\/armstrongyregion.com.ar\/diario\/wp-content\/uploads\/2024\/02\/lenguajeinclusivo-1024x683-1.jpg","jetpack_shortlink":"https:\/\/wp.me\/p62QDO-aTw","jetpack_sharing_enabled":true,"amp_enabled":true,"_links":{"self":[{"href":"https:\/\/armstrongyregion.com.ar\/diario\/wp-json\/wp\/v2\/posts\/41882","targetHints":{"allow":["GET"]}}],"collection":[{"href":"https:\/\/armstrongyregion.com.ar\/diario\/wp-json\/wp\/v2\/posts"}],"about":[{"href":"https:\/\/armstrongyregion.com.ar\/diario\/wp-json\/wp\/v2\/types\/post"}],"author":[{"embeddable":true,"href":"https:\/\/armstrongyregion.com.ar\/diario\/wp-json\/wp\/v2\/users\/1"}],"replies":[{"embeddable":true,"href":"https:\/\/armstrongyregion.com.ar\/diario\/wp-json\/wp\/v2\/comments?post=41882"}],"version-history":[{"count":2,"href":"https:\/\/armstrongyregion.com.ar\/diario\/wp-json\/wp\/v2\/posts\/41882\/revisions"}],"predecessor-version":[{"id":41885,"href":"https:\/\/armstrongyregion.com.ar\/diario\/wp-json\/wp\/v2\/posts\/41882\/revisions\/41885"}],"wp:featuredmedia":[{"embeddable":true,"href":"https:\/\/armstrongyregion.com.ar\/diario\/wp-json\/wp\/v2\/media\/41883"}],"wp:attachment":[{"href":"https:\/\/armstrongyregion.com.ar\/diario\/wp-json\/wp\/v2\/media?parent=41882"}],"wp:term":[{"taxonomy":"category","embeddable":true,"href":"https:\/\/armstrongyregion.com.ar\/diario\/wp-json\/wp\/v2\/categories?post=41882"},{"taxonomy":"post_tag","embeddable":true,"href":"https:\/\/armstrongyregion.com.ar\/diario\/wp-json\/wp\/v2\/tags?post=41882"}],"curies":[{"name":"wp","href":"https:\/\/api.w.org\/{rel}","templated":true}]}}