{"id":41876,"date":"2024-02-27T00:54:59","date_gmt":"2024-02-27T00:54:59","guid":{"rendered":"https:\/\/armstrongyregion.com.ar\/diario\/?p=41876"},"modified":"2024-02-27T00:55:02","modified_gmt":"2024-02-27T00:55:02","slug":"lewandowski-se-llevaron-los-gendarmes-y-ahora-le-sacan-recursos-a-las-necesidades-mas-basicas-de-la-gente","status":"publish","type":"post","link":"https:\/\/armstrongyregion.com.ar\/diario\/lewandowski-se-llevaron-los-gendarmes-y-ahora-le-sacan-recursos-a-las-necesidades-mas-basicas-de-la-gente\/","title":{"rendered":"Lewandowski: \u00abSe llevaron los gendarmes y ahora le sacan recursos a las necesidades m\u00e1s b\u00e1sicas de la gente\u00bb"},"content":{"rendered":"\n<figure class=\"wp-block-image size-full\"><a href=\"http:\/\/armstrongyregion.com.ar\/diario\/wp-content\/uploads\/2024\/02\/Foto-Lewandowski-urbanizacion.png\"><img loading=\"lazy\" decoding=\"async\" width=\"539\" height=\"344\" src=\"http:\/\/armstrongyregion.com.ar\/diario\/wp-content\/uploads\/2024\/02\/Foto-Lewandowski-urbanizacion.png\" alt=\"\" class=\"wp-image-41877\" srcset=\"https:\/\/armstrongyregion.com.ar\/diario\/wp-content\/uploads\/2024\/02\/Foto-Lewandowski-urbanizacion.png 539w, https:\/\/armstrongyregion.com.ar\/diario\/wp-content\/uploads\/2024\/02\/Foto-Lewandowski-urbanizacion-300x191.png 300w\" sizes=\"auto, (max-width: 539px) 100vw, 539px\" \/><\/a><\/figure>\n\n\n\n<p>El senador nacional por Santa Fe, Marcelo Lewandowski, rechaz\u00f3 el decreto que public\u00f3 este lunes el Gobierno Nacional, mediante el cual se desfinancian las obras de urbanizaci\u00f3n de los barrios populares. En ese sentido afirm\u00f3:<strong>&nbsp;\u201cPrimero se llevaron los gendarmes de Rosario y ahora le quitan recursos que est\u00e1n destinados a las necesidades m\u00e1s b\u00e1sicas de la gente\u201d<\/strong>.<\/p>\n\n\n\n<p>Lewandowski remarc\u00f3: \u201cEstamos hablando de que&nbsp;<strong>quitaron los fondos que se destinaban mayor contenci\u00f3n social en los barrios m\u00e1s postergados, que es una herramienta fundamental para el combate contra el narcotr\u00e1fico&nbsp;<\/strong>en Rosario ya que la violencia y el delito no solo se combate con mayor presencia policial\u201d.<\/p>\n\n\n\n<p>\u201cSon fondos para hacer viviendas, alumbrado, abrir calles, quitar esos pasillos que surgen en las zonas m\u00e1s precarias. Tambi\u00e9n para la parte social como construcci\u00f3n de jardines, centros maternales. Es presencia del Estado donde m\u00e1s se lo necesita.&nbsp;<strong>El lugar que el Estado Nacional, Provincial o Municipal abandona es un lugar que las organizaciones criminales van a intentar ocupar<\/strong>\u201d, continu\u00f3.<\/p>\n\n\n\n<p>\u00abNosotros no nos oponemos a que se maneje de otra forma o a trav\u00e9s de otro organismo, pero que nos den una alternativa y no que desfinancien un fondo destinado a cuestiones muy esenciales y b\u00e1sicas para la gente que m\u00e1s lo necesita\u00bb, sostuvo.<\/p>\n\n\n\n<p>En la provincia de Santa Fe se hicieron obras en 77 barrios con una inversi\u00f3n que supera los 38 mil millones de pesos, mientras que m\u00e1s de 20 mil mujeres de barrios populares accedieron al programa \u00abMi Pieza\u00bb, en 359 barrios santafesinos. Y en Rosario se afectar\u00edan obras de urbanizaci\u00f3n que se vienen implementando en barrios como Nuevo Alberdi y Los Pumitas.<\/p>\n","protected":false},"excerpt":{"rendered":"<p>Lewandowski: \u00abSe llevaron los gendarmes y ahora le sacan recursos a las necesidades m\u00e1s b\u00e1sicas de la gente\u00bb<\/p>\n","protected":false},"author":1,"featured_media":41877,"comment_status":"open","ping_status":"open","sticky":false,"template":"","format":"image","meta":{"_jetpack_memberships_contains_paid_content":false,"footnotes":"","jetpack_publicize_message":"","jetpack_publicize_feature_enabled":true,"jetpack_social_post_already_shared":true,"jetpack_social_options":{"image_generator_settings":{"template":"highway","default_image_id":0,"enabled":false},"version":2}},"categories":[8,1,2,7,3],"tags":[33,2299,4522,19,4608,4335,9545,23,631,9957,8777,1251,10120,10347,86,13],"class_list":["post-41876","post","type-post","status-publish","format-image","has-post-thumbnail","hentry","category-deliberando","category-diario-armstrong","category-locales","category-politica","category-region","tag-a","tag-ahora","tag-basicas","tag-de","tag-diario-armstrong-y-region","tag-gendarmes","tag-gente-2","tag-las","tag-le","tag-lewandoski","tag-lic-graciela-de-la-casa","tag-necesidades","tag-recursos","tag-sacan","tag-se","tag-y","post_format-post-format-image"],"jetpack_publicize_connections":[],"jetpack_featured_media_url":"https:\/\/armstrongyregion.com.ar\/diario\/wp-content\/uploads\/2024\/02\/Foto-Lewandowski-urbanizacion.png","jetpack_shortlink":"https:\/\/wp.me\/p62QDO-aTq","jetpack_sharing_enabled":true,"amp_enabled":true,"_links":{"self":[{"href":"https:\/\/armstrongyregion.com.ar\/diario\/wp-json\/wp\/v2\/posts\/41876","targetHints":{"allow":["GET"]}}],"collection":[{"href":"https:\/\/armstrongyregion.com.ar\/diario\/wp-json\/wp\/v2\/posts"}],"about":[{"href":"https:\/\/armstrongyregion.com.ar\/diario\/wp-json\/wp\/v2\/types\/post"}],"author":[{"embeddable":true,"href":"https:\/\/armstrongyregion.com.ar\/diario\/wp-json\/wp\/v2\/users\/1"}],"replies":[{"embeddable":true,"href":"https:\/\/armstrongyregion.com.ar\/diario\/wp-json\/wp\/v2\/comments?post=41876"}],"version-history":[{"count":1,"href":"https:\/\/armstrongyregion.com.ar\/diario\/wp-json\/wp\/v2\/posts\/41876\/revisions"}],"predecessor-version":[{"id":41878,"href":"https:\/\/armstrongyregion.com.ar\/diario\/wp-json\/wp\/v2\/posts\/41876\/revisions\/41878"}],"wp:featuredmedia":[{"embeddable":true,"href":"https:\/\/armstrongyregion.com.ar\/diario\/wp-json\/wp\/v2\/media\/41877"}],"wp:attachment":[{"href":"https:\/\/armstrongyregion.com.ar\/diario\/wp-json\/wp\/v2\/media?parent=41876"}],"wp:term":[{"taxonomy":"category","embeddable":true,"href":"https:\/\/armstrongyregion.com.ar\/diario\/wp-json\/wp\/v2\/categories?post=41876"},{"taxonomy":"post_tag","embeddable":true,"href":"https:\/\/armstrongyregion.com.ar\/diario\/wp-json\/wp\/v2\/tags?post=41876"}],"curies":[{"name":"wp","href":"https:\/\/api.w.org\/{rel}","templated":true}]}}