{"id":41852,"date":"2024-02-25T16:54:50","date_gmt":"2024-02-25T16:54:50","guid":{"rendered":"https:\/\/armstrongyregion.com.ar\/diario\/?p=41852"},"modified":"2024-02-25T16:54:53","modified_gmt":"2024-02-25T16:54:53","slug":"diputados-socialistas-repudian-los-recortes-del-gobierno-nacional-en-educacion","status":"publish","type":"post","link":"https:\/\/armstrongyregion.com.ar\/diario\/diputados-socialistas-repudian-los-recortes-del-gobierno-nacional-en-educacion\/","title":{"rendered":"Diputados socialistas repudian los recortes del gobierno nacional en educaci\u00f3n."},"content":{"rendered":"\n<figure class=\"wp-block-image size-full\"><a href=\"http:\/\/armstrongyregion.com.ar\/diario\/wp-content\/uploads\/2024\/02\/Dip.Soc_.repudian.gN_.jpg\"><img loading=\"lazy\" decoding=\"async\" width=\"400\" height=\"301\" src=\"http:\/\/armstrongyregion.com.ar\/diario\/wp-content\/uploads\/2024\/02\/Dip.Soc_.repudian.gN_.jpg\" alt=\"\" class=\"wp-image-41853\" srcset=\"https:\/\/armstrongyregion.com.ar\/diario\/wp-content\/uploads\/2024\/02\/Dip.Soc_.repudian.gN_.jpg 400w, https:\/\/armstrongyregion.com.ar\/diario\/wp-content\/uploads\/2024\/02\/Dip.Soc_.repudian.gN_-300x226.jpg 300w\" sizes=\"auto, (max-width: 400px) 100vw, 400px\" \/><\/a><\/figure>\n\n\n\n<h2 class=\"wp-block-heading\"><em>Gisel Mahmud reclam\u00f3 junto a otros pares el env\u00edo de recursos correspondientes al Fondo de Incentivo Docente y a comedores escolares. Mariano Cuvertino apunt\u00f3 a la cr\u00edtica situaci\u00f3n econ\u00f3mica que atraviesan las universidades nacionales en el \u00e1mbito provincial. \u00a0<\/em><\/h2>\n\n\n\n<p>La C\u00e1mara de Diputadas y Diputados se convirti\u00f3 en la \u00faltima sesi\u00f3n en una caja de resonancia contra los ajustes que el gobierno nacional aplic\u00f3 en las \u00faltimas semanas en distintos niveles educativos. Por un lado, la interrupci\u00f3n del env\u00edo de las partidas correspondientes al Fondo de Incentivo Docente y para comedores escolares. Por otro, la pr\u00f3rroga del presupuesto 2023 dispuesta para las universidades en el actual contexto inflacionario.<\/p>\n\n\n\n<p>La diputada provincial Gisel Mahmud celebr\u00f3 la aprobaci\u00f3n de una declaraci\u00f3n que cont\u00f3 con el apoyo de legisladores de distintos partidos, donde expresan \u201cla preocupaci\u00f3n compartida por la interrupci\u00f3n de algunas partidas que el gobierno nacional asign\u00f3 hist\u00f3ricamente a Santa Fe, como el Fondo de Incentivo Docente y para comedores escolares. Estos recursos est\u00e1n en el Presupuesto Nacional 2024 y el gobierno tiene la obligaci\u00f3n de enviarlos porque as\u00ed lo prev\u00e9 la Ley de Educaci\u00f3n\u201d.<\/p>\n\n\n\n<p>\u201cAnte el inicio de un nuevo ciclo lectivo, lejos de estar acompa\u00f1ando a las provincias para garantizar una educaci\u00f3n de calidad \u2013lament\u00f3 la legisladora-, el presidente Javier Milei tom\u00f3 la decisi\u00f3n de un d\u00eda para otro de no enviar recursos que est\u00e1n presupuestados y deben llegar por ley. &nbsp;Esto repercute de manera muy negativa en los docentes, que tienen derecho a ense\u00f1ar; y en las ni\u00f1as y ni\u00f1os, cuando sabemos que muchos de ellos est\u00e1n en la pobreza e indigencia\u201d.<\/p>\n\n\n\n<p>Adem\u00e1s de cuestionar que el Ministerio de Educaci\u00f3n nacional fuera reducido a una secretar\u00eda, Mahmud expres\u00f3 su \u201capoyo al gobierno de Maximiliano Pullaro, que tiene un plan educativo que est\u00e1 llevando adelante pero tambi\u00e9n necesita de esos recursos\u201d.<\/p>\n\n\n\n<p>Por su parte, Cuvertino impuls\u00f3 un proyecto de comunicaci\u00f3n en el que alert\u00f3 sobre la cr\u00edtica situaci\u00f3n presupuestaria que atraviesan desde diciembre las universidades nacionales de Santa Fe. \u201cAl d\u00eda de hoy peligran el acceso a la educaci\u00f3n p\u00fablica de miles de estudiantes de Santa Fe, la continuidad de los salarial de los docentes y no docentes, los planes de obras que se ven\u00edan llevando adelante en distintas casas de estudio, la producci\u00f3n misma de conocimiento y una premisa que d\u00e1bamos por sentada, como es que la universidad p\u00fablica laica y gratuita no es un gasto en nuestro pa\u00eds, sino una inversi\u00f3n\u201d, detall\u00f3.<\/p>\n\n\n\n<p>\u201cA fines del a\u00f1o pasado el gobierno nacional anunci\u00f3 que iba prorrogar el presupuesto 2023, poniendo en peligro funcionamiento universitario. En ese momento \u2013record\u00f3 el legislador-, los rectores se reunieron en el Consejo Interuniversitario Nacional, (CIN) el organismo que nuclea a las autoridades de todo el pa\u00eds, y reclamaron una actualizaci\u00f3n de las partidas para llevarlas de 752 millones de pesos, que fue lo que ejecutado en el \u00faltimo ejercicio, a un monto cercano a los 2,5 billones. Fue una estimaci\u00f3n m\u00ednima para garantizar la continuaci\u00f3n de las actividades\u201d, agreg\u00f3.<br><br>Seg\u00fan Cuvertino, la situaci\u00f3n actual es tan grave que el CIN emiti\u00f3 un nuevo comunicado este jueves en el que alerta que de no mediar acciones que rectifiquen el rumbo se ver\u00e1 seriamente afectado el pleno funcionamiento de universidades p\u00fablicas.<\/p>\n\n\n\n<p>\u201cEn nuestra provincia esta realidad se ve en becas que se caen, en el dictado de clases que entra en crisis, en comedores escolares que se cierran. En la Universidad Nacional del Litoral (UNL), la falta de presupuesto interrumpe la construcci\u00f3n del aulario en costanera Este y las residencias estudiantiles en la Escuela Granja de Esperanza\u201d, puntualiz\u00f3. \u201cLo mismo sucede en la Universidad Nacional de Rosario (UNR), con las obras involucradas en el Programa de Infraestructura Universitaria y, seguramente, esta misma situaci\u00f3n se repite en la UTN\u201d, enumer\u00f3.<\/p>\n","protected":false},"excerpt":{"rendered":"<p>Diputados socialistas repudian los recortes del gobierno nacional en educaci\u00f3n.<\/p>\n","protected":false},"author":1,"featured_media":41853,"comment_status":"open","ping_status":"open","sticky":false,"template":"","format":"image","meta":{"_jetpack_memberships_contains_paid_content":false,"footnotes":"","jetpack_publicize_message":"","jetpack_publicize_feature_enabled":true,"jetpack_social_post_already_shared":true,"jetpack_social_options":{"image_generator_settings":{"template":"highway","default_image_id":0,"enabled":false},"version":2}},"categories":[6,8,1,2,3],"tags":[5016,53,9626,38,8777,42,621,10336,10335,10325],"class_list":["post-41852","post","type-post","status-publish","format-image","has-post-thumbnail","hentry","category-cultura-entretenimiento","category-deliberando","category-diario-armstrong","category-locales","category-region","tag-armstrong-y-region","tag-del","tag-diputados-2","tag-gobierno","tag-lic-graciela-de-la-casa","tag-los","tag-nacional","tag-recortes","tag-repudian","tag-socialistas-2","post_format-post-format-image"],"jetpack_publicize_connections":[],"jetpack_featured_media_url":"https:\/\/armstrongyregion.com.ar\/diario\/wp-content\/uploads\/2024\/02\/Dip.Soc_.repudian.gN_.jpg","jetpack_shortlink":"https:\/\/wp.me\/p62QDO-aT2","jetpack_sharing_enabled":true,"amp_enabled":true,"_links":{"self":[{"href":"https:\/\/armstrongyregion.com.ar\/diario\/wp-json\/wp\/v2\/posts\/41852","targetHints":{"allow":["GET"]}}],"collection":[{"href":"https:\/\/armstrongyregion.com.ar\/diario\/wp-json\/wp\/v2\/posts"}],"about":[{"href":"https:\/\/armstrongyregion.com.ar\/diario\/wp-json\/wp\/v2\/types\/post"}],"author":[{"embeddable":true,"href":"https:\/\/armstrongyregion.com.ar\/diario\/wp-json\/wp\/v2\/users\/1"}],"replies":[{"embeddable":true,"href":"https:\/\/armstrongyregion.com.ar\/diario\/wp-json\/wp\/v2\/comments?post=41852"}],"version-history":[{"count":1,"href":"https:\/\/armstrongyregion.com.ar\/diario\/wp-json\/wp\/v2\/posts\/41852\/revisions"}],"predecessor-version":[{"id":41854,"href":"https:\/\/armstrongyregion.com.ar\/diario\/wp-json\/wp\/v2\/posts\/41852\/revisions\/41854"}],"wp:featuredmedia":[{"embeddable":true,"href":"https:\/\/armstrongyregion.com.ar\/diario\/wp-json\/wp\/v2\/media\/41853"}],"wp:attachment":[{"href":"https:\/\/armstrongyregion.com.ar\/diario\/wp-json\/wp\/v2\/media?parent=41852"}],"wp:term":[{"taxonomy":"category","embeddable":true,"href":"https:\/\/armstrongyregion.com.ar\/diario\/wp-json\/wp\/v2\/categories?post=41852"},{"taxonomy":"post_tag","embeddable":true,"href":"https:\/\/armstrongyregion.com.ar\/diario\/wp-json\/wp\/v2\/tags?post=41852"}],"curies":[{"name":"wp","href":"https:\/\/api.w.org\/{rel}","templated":true}]}}