{"id":41843,"date":"2024-02-22T02:21:33","date_gmt":"2024-02-22T02:21:33","guid":{"rendered":"https:\/\/armstrongyregion.com.ar\/diario\/?p=41843"},"modified":"2024-02-22T02:21:35","modified_gmt":"2024-02-22T02:21:35","slug":"armstrong-luzzi-entrego-mas-de-6-000-000-por-f-a-e","status":"publish","type":"post","link":"https:\/\/armstrongyregion.com.ar\/diario\/armstrong-luzzi-entrego-mas-de-6-000-000-por-f-a-e\/","title":{"rendered":"Armstrong. Luzzi entreg\u00f3 m\u00e1s de $ 6.000.000 por F.A.E."},"content":{"rendered":"\n<figure class=\"wp-block-image size-full\"><a href=\"http:\/\/armstrongyregion.com.ar\/diario\/wp-content\/uploads\/2024\/02\/fae.21-2-24-.jpg\"><img loading=\"lazy\" decoding=\"async\" width=\"675\" height=\"450\" src=\"http:\/\/armstrongyregion.com.ar\/diario\/wp-content\/uploads\/2024\/02\/fae.21-2-24-.jpg\" alt=\"\" class=\"wp-image-41844\" srcset=\"https:\/\/armstrongyregion.com.ar\/diario\/wp-content\/uploads\/2024\/02\/fae.21-2-24-.jpg 675w, https:\/\/armstrongyregion.com.ar\/diario\/wp-content\/uploads\/2024\/02\/fae.21-2-24--300x200.jpg 300w\" sizes=\"auto, (max-width: 675px) 100vw, 675px\" \/><\/a><\/figure>\n\n\n\n<p><strong>El martes 20 de febrero en el sal\u00f3n San Mart\u00edn de la Municipalidad de Armstrong, el Intendente<br>Guilermo Luzzi encabez\u00f3 la primera entrega del a\u00f1o 2024 del Fondo de Asistencia Educativa (F.A.E.) a<br>todas las escuelas y Biblioteca Popular Sarmiento.<\/strong><\/p>\n\n\n\n<figure class=\"wp-block-image size-full\"><a href=\"http:\/\/armstrongyregion.com.ar\/diario\/wp-content\/uploads\/2024\/02\/fae-21-2-24-b.jpg\"><img loading=\"lazy\" decoding=\"async\" width=\"675\" height=\"450\" src=\"http:\/\/armstrongyregion.com.ar\/diario\/wp-content\/uploads\/2024\/02\/fae-21-2-24-b.jpg\" alt=\"\" class=\"wp-image-41845\" srcset=\"https:\/\/armstrongyregion.com.ar\/diario\/wp-content\/uploads\/2024\/02\/fae-21-2-24-b.jpg 675w, https:\/\/armstrongyregion.com.ar\/diario\/wp-content\/uploads\/2024\/02\/fae-21-2-24-b-300x200.jpg 300w\" sizes=\"auto, (max-width: 675px) 100vw, 675px\" \/><\/a><\/figure>\n\n\n\n<p>Estuvo acompa\u00f1ado por la secretaria de Educaci\u00f3n y Desarrollo Integral Rosana Siri, y ambos dieron<br>la bienvenida a las instituciones a trav\u00e9s de sus directivos, docentes y\/o cooperadores presentes.<br>En esta oportunidad, se otorgaron las cuotas correspondientes a los meses de enero y febrero con<br>un incremento del 93 % en relaci\u00f3n al pago del pasado mes de diciembre por decisi\u00f3n de las<br>autoridades quienes contemplan otro aumento a partir del mes de marzo pr\u00f3ximo.<\/p>\n\n\n\n<p><br>Cada instituci\u00f3n recibi\u00f3 la suma de $ 600.000, s\u00f3lo la Escuela N\u00b0 600 recibi\u00f3 su cuota m\u00e1s media<br>correspondiente al CENPA que funciona en sus instalaciones por un total de $ 900.000.<br>Es decir que, en este caso, se entreg\u00f3 un total de $ 6.600.000 destinados directamente a<br>incrementar la calidad educativa de ni\u00f1os, j\u00f3venes y adultos.<\/p>\n\n\n\n<p><br>Luzzi inform\u00f3 que el 12 de marzo visitar\u00e1n las instituciones para hacer entrega de las pr\u00f3ximas<br>cuotas del F.A.E. y conocer la realidad de cada una de ellas recordando que este aporte debe ser<br>invertido en infraestructura edilicia como ba\u00f1os, techos, y todo lo que requiera seguridad para<br>quienes asisten diariamente, y remarc\u00f3: \u201dSeguimos comprometidos con la educaci\u00f3n, trabajando<br>juntos, reconociendo y apoyando el trabajo de cooperadores, directivos, y la comunidad educativa<br>de la ciudad. La educaci\u00f3n es una prioridad\u201d.<\/p>\n\n\n\n<p><br>Asimismo, en este primer encuentro del a\u00f1o se trat\u00f3 un temario general donde se inform\u00f3 que las<br>entregas ser\u00e1n bimestrales, F.A.E. extraordinario, detalles y observaciones de las rendiciones<br>semestrales, protocolos y trabajos en los edificios como limpieza de tanques de agua y<br>desmalezamiento de patios, desarrollo del a\u00f1o lectivo en s\u00ed como proyectos y programas que se<br>trabajan en forma conjunta con el municipio.<\/p>\n\n\n\n<p><br>Cabe resaltar que la Comisi\u00f3n Administradora del F.A.E. est\u00e1 compuesta por: Presidente: Intendente<br>Luzzi; Secretaria: Marisa Taboada (Directora del Nivel medio de la Escuela N\u00b0 33); Tesorera: Cristina<br>Sola, Presidente de la Asociaci\u00f3n Cooperadora de la Escuela N\u00b0 51.<\/p>\n","protected":false},"excerpt":{"rendered":"<p>Armstrong. Luzzi entreg\u00f3 m\u00e1s de $ 6.000.000 por F.A.E.<\/p>\n","protected":false},"author":1,"featured_media":41844,"comment_status":"open","ping_status":"open","sticky":false,"template":"","format":"image","meta":{"_jetpack_memberships_contains_paid_content":false,"footnotes":"","jetpack_publicize_message":"","jetpack_publicize_feature_enabled":true,"jetpack_social_post_already_shared":true,"jetpack_social_options":{"image_generator_settings":{"template":"highway","default_image_id":0,"enabled":false},"version":2}},"categories":[6,8,1,2,7,3],"tags":[10334,20,5016,19,112,8620,8777,8735,40],"class_list":["post-41843","post","type-post","status-publish","format-image","has-post-thumbnail","hentry","category-cultura-entretenimiento","category-deliberando","category-diario-armstrong","category-locales","category-politica","category-region","tag-6-000-000","tag-armstrong","tag-armstrong-y-region","tag-de","tag-entrego","tag-fae-2","tag-lic-graciela-de-la-casa","tag-luzzi","tag-mas","post_format-post-format-image"],"jetpack_publicize_connections":[],"jetpack_featured_media_url":"https:\/\/armstrongyregion.com.ar\/diario\/wp-content\/uploads\/2024\/02\/fae.21-2-24-.jpg","jetpack_shortlink":"https:\/\/wp.me\/p62QDO-aST","jetpack_sharing_enabled":true,"amp_enabled":true,"_links":{"self":[{"href":"https:\/\/armstrongyregion.com.ar\/diario\/wp-json\/wp\/v2\/posts\/41843","targetHints":{"allow":["GET"]}}],"collection":[{"href":"https:\/\/armstrongyregion.com.ar\/diario\/wp-json\/wp\/v2\/posts"}],"about":[{"href":"https:\/\/armstrongyregion.com.ar\/diario\/wp-json\/wp\/v2\/types\/post"}],"author":[{"embeddable":true,"href":"https:\/\/armstrongyregion.com.ar\/diario\/wp-json\/wp\/v2\/users\/1"}],"replies":[{"embeddable":true,"href":"https:\/\/armstrongyregion.com.ar\/diario\/wp-json\/wp\/v2\/comments?post=41843"}],"version-history":[{"count":1,"href":"https:\/\/armstrongyregion.com.ar\/diario\/wp-json\/wp\/v2\/posts\/41843\/revisions"}],"predecessor-version":[{"id":41846,"href":"https:\/\/armstrongyregion.com.ar\/diario\/wp-json\/wp\/v2\/posts\/41843\/revisions\/41846"}],"wp:featuredmedia":[{"embeddable":true,"href":"https:\/\/armstrongyregion.com.ar\/diario\/wp-json\/wp\/v2\/media\/41844"}],"wp:attachment":[{"href":"https:\/\/armstrongyregion.com.ar\/diario\/wp-json\/wp\/v2\/media?parent=41843"}],"wp:term":[{"taxonomy":"category","embeddable":true,"href":"https:\/\/armstrongyregion.com.ar\/diario\/wp-json\/wp\/v2\/categories?post=41843"},{"taxonomy":"post_tag","embeddable":true,"href":"https:\/\/armstrongyregion.com.ar\/diario\/wp-json\/wp\/v2\/tags?post=41843"}],"curies":[{"name":"wp","href":"https:\/\/api.w.org\/{rel}","templated":true}]}}