{"id":41837,"date":"2024-02-22T01:56:11","date_gmt":"2024-02-22T01:56:11","guid":{"rendered":"https:\/\/armstrongyregion.com.ar\/diario\/?p=41837"},"modified":"2024-02-22T01:56:13","modified_gmt":"2024-02-22T01:56:13","slug":"armstrong-biblioteca-musical-en-el-conservatorio","status":"publish","type":"post","link":"https:\/\/armstrongyregion.com.ar\/diario\/armstrong-biblioteca-musical-en-el-conservatorio\/","title":{"rendered":"Armstrong. Biblioteca musical en el Conservatorio."},"content":{"rendered":"\n<figure class=\"wp-block-image size-full\"><a href=\"http:\/\/armstrongyregion.com.ar\/diario\/wp-content\/uploads\/2024\/02\/biblio-conservatorio-.jpg\"><img loading=\"lazy\" decoding=\"async\" width=\"640\" height=\"639\" src=\"http:\/\/armstrongyregion.com.ar\/diario\/wp-content\/uploads\/2024\/02\/biblio-conservatorio-.jpg\" alt=\"\" class=\"wp-image-41838\" srcset=\"https:\/\/armstrongyregion.com.ar\/diario\/wp-content\/uploads\/2024\/02\/biblio-conservatorio-.jpg 640w, https:\/\/armstrongyregion.com.ar\/diario\/wp-content\/uploads\/2024\/02\/biblio-conservatorio--300x300.jpg 300w, https:\/\/armstrongyregion.com.ar\/diario\/wp-content\/uploads\/2024\/02\/biblio-conservatorio--150x150.jpg 150w\" sizes=\"auto, (max-width: 640px) 100vw, 640px\" \/><\/a><\/figure>\n\n\n\n<p>El Conservatorio Municipal de M\u00fasica de la ciudad de Armstrong comienza a armar su biblioteca en<br>uno de los espacios donde desarrolla sus actividades dentro de la Estaci\u00f3n M\u00e1s, con material que<br>estar\u00e1 disponible para alumnos y profesores.<br>Por ello, se invita a todas aquellas personas que quieran hacer su donaci\u00f3n de partituras, libros de<br>m\u00fasica y otros elementos, acercarlos a partir del lunes 4 de marzo de 2024 a la secretar\u00eda del<br>Conservatorio, Sanguinetti al 1500 esquina Tom\u00e1s De\u00e1n, de lunes a jueves de 15 a 21 hs., \u00f3 a la<br>Secretar\u00eda de Educaci\u00f3n y Desarrollo Integral.<br>Por consultas comunicarse con el whatsapp 3471-680127.<\/p>\n","protected":false},"excerpt":{"rendered":"<p>Armstrong. Biblioteca musical en el Conservatorio.<\/p>\n","protected":false},"author":1,"featured_media":41838,"comment_status":"open","ping_status":"open","sticky":false,"template":"","format":"image","meta":{"_jetpack_memberships_contains_paid_content":false,"footnotes":"","jetpack_publicize_message":"","jetpack_publicize_feature_enabled":true,"jetpack_social_post_already_shared":true,"jetpack_social_options":{"image_generator_settings":{"template":"highway","default_image_id":0,"enabled":false},"version":2}},"categories":[6,8,1,7],"tags":[20,5016,1344,3660,53,8777,9056],"class_list":["post-41837","post","type-post","status-publish","format-image","has-post-thumbnail","hentry","category-cultura-entretenimiento","category-deliberando","category-diario-armstrong","category-politica","tag-armstrong","tag-armstrong-y-region","tag-biblioteca","tag-conservatorio","tag-del","tag-lic-graciela-de-la-casa","tag-musical-2","post_format-post-format-image"],"jetpack_publicize_connections":[],"jetpack_featured_media_url":"https:\/\/armstrongyregion.com.ar\/diario\/wp-content\/uploads\/2024\/02\/biblio-conservatorio-.jpg","jetpack_shortlink":"https:\/\/wp.me\/p62QDO-aSN","jetpack_sharing_enabled":true,"amp_enabled":true,"_links":{"self":[{"href":"https:\/\/armstrongyregion.com.ar\/diario\/wp-json\/wp\/v2\/posts\/41837","targetHints":{"allow":["GET"]}}],"collection":[{"href":"https:\/\/armstrongyregion.com.ar\/diario\/wp-json\/wp\/v2\/posts"}],"about":[{"href":"https:\/\/armstrongyregion.com.ar\/diario\/wp-json\/wp\/v2\/types\/post"}],"author":[{"embeddable":true,"href":"https:\/\/armstrongyregion.com.ar\/diario\/wp-json\/wp\/v2\/users\/1"}],"replies":[{"embeddable":true,"href":"https:\/\/armstrongyregion.com.ar\/diario\/wp-json\/wp\/v2\/comments?post=41837"}],"version-history":[{"count":1,"href":"https:\/\/armstrongyregion.com.ar\/diario\/wp-json\/wp\/v2\/posts\/41837\/revisions"}],"predecessor-version":[{"id":41839,"href":"https:\/\/armstrongyregion.com.ar\/diario\/wp-json\/wp\/v2\/posts\/41837\/revisions\/41839"}],"wp:featuredmedia":[{"embeddable":true,"href":"https:\/\/armstrongyregion.com.ar\/diario\/wp-json\/wp\/v2\/media\/41838"}],"wp:attachment":[{"href":"https:\/\/armstrongyregion.com.ar\/diario\/wp-json\/wp\/v2\/media?parent=41837"}],"wp:term":[{"taxonomy":"category","embeddable":true,"href":"https:\/\/armstrongyregion.com.ar\/diario\/wp-json\/wp\/v2\/categories?post=41837"},{"taxonomy":"post_tag","embeddable":true,"href":"https:\/\/armstrongyregion.com.ar\/diario\/wp-json\/wp\/v2\/tags?post=41837"}],"curies":[{"name":"wp","href":"https:\/\/api.w.org\/{rel}","templated":true}]}}