{"id":41830,"date":"2024-02-21T21:57:49","date_gmt":"2024-02-21T21:57:49","guid":{"rendered":"https:\/\/armstrongyregion.com.ar\/diario\/?p=41830"},"modified":"2024-02-21T21:57:51","modified_gmt":"2024-02-21T21:57:51","slug":"sola-mas-que-un-ofrecimiento-lo-sentimos-como-una-rebaja-salarial","status":"publish","type":"post","link":"https:\/\/armstrongyregion.com.ar\/diario\/sola-mas-que-un-ofrecimiento-lo-sentimos-como-una-rebaja-salarial\/","title":{"rendered":"Sola: \u00abM\u00e1s que un ofrecimiento lo sentimos como una rebaja salarial\u00bb."},"content":{"rendered":"\n<figure class=\"wp-block-image size-full\"><a href=\"http:\/\/armstrongyregion.com.ar\/diario\/wp-content\/uploads\/2024\/02\/Ariel-sOLA-21-2-24-.jpg\"><img loading=\"lazy\" decoding=\"async\" width=\"645\" height=\"375\" src=\"http:\/\/armstrongyregion.com.ar\/diario\/wp-content\/uploads\/2024\/02\/Ariel-sOLA-21-2-24-.jpg\" alt=\"\" class=\"wp-image-41832\" srcset=\"https:\/\/armstrongyregion.com.ar\/diario\/wp-content\/uploads\/2024\/02\/Ariel-sOLA-21-2-24-.jpg 645w, https:\/\/armstrongyregion.com.ar\/diario\/wp-content\/uploads\/2024\/02\/Ariel-sOLA-21-2-24--300x174.jpg 300w\" sizes=\"auto, (max-width: 645px) 100vw, 645px\" \/><\/a><\/figure>\n\n\n\n<h2 class=\"wp-block-heading\">Fueron las palabras de Ariel Sola, Delegado de Amsafe Belgrano, hoy realizaran una asamblea departamental.<\/h2>\n\n\n\n<p><\/p>\n\n\n\n<figure class=\"wp-block-audio\"><audio controls src=\"http:\/\/armstrongyregion.com.ar\/diario\/wp-content\/uploads\/2024\/02\/multimedia.audio_.b21fec1989bf2e02.YXVkaW8gbW9uby5tcDM.mp3\"><\/audio><figcaption class=\"wp-element-caption\">Amsafe Belgrano<\/figcaption><\/figure>\n\n\n\n<p>El Gobierno provincial ofreci\u00f3 este martes por la tarde completar un 43,4 % de aumento a los docentes para los primeros meses de 2024. El porcentaje est\u00e1 constituido por un 14 % de incremento que se pag\u00f3 en el mes de febrero, un 22,4% que se liquidar\u00e1 en las pr\u00f3ximas semanas -ambos correspondientes a la paritaria 2023-, y un 7 % m\u00e1s, que se pagar\u00e1 con el salario de marzo.<\/p>\n\n\n\n<p>Fuente: Renacer Regional.<\/p>\n","protected":false},"excerpt":{"rendered":"<p>Fueron las palabras de Ariel Sola, Delegado de Amsafe Belgrano, hoy realizaran una asamblea departamental.<\/p>\n","protected":false},"author":1,"featured_media":41832,"comment_status":"open","ping_status":"open","sticky":false,"template":"","format":"image","meta":{"_jetpack_memberships_contains_paid_content":false,"footnotes":"","jetpack_publicize_message":"","jetpack_publicize_feature_enabled":true,"jetpack_social_post_already_shared":true,"jetpack_social_options":{"image_generator_settings":{"template":"highway","default_image_id":0,"enabled":false},"version":2}},"categories":[6,8,1,2,7,3],"tags":[5016,572,8777,1109,40,10330,108,10332,5022,10331,8934,192,103],"class_list":["post-41830","post","type-post","status-publish","format-image","has-post-thumbnail","hentry","category-cultura-entretenimiento","category-deliberando","category-diario-armstrong","category-locales","category-politica","category-region","tag-armstrong-y-region","tag-como","tag-lic-graciela-de-la-casa","tag-lo","tag-mas","tag-ofrecimiento","tag-que","tag-rebaja","tag-salarial","tag-sentimos","tag-sola","tag-un","tag-una","post_format-post-format-image"],"jetpack_publicize_connections":[],"jetpack_featured_media_url":"https:\/\/armstrongyregion.com.ar\/diario\/wp-content\/uploads\/2024\/02\/Ariel-sOLA-21-2-24-.jpg","jetpack_shortlink":"https:\/\/wp.me\/p62QDO-aSG","jetpack_sharing_enabled":true,"amp_enabled":true,"_links":{"self":[{"href":"https:\/\/armstrongyregion.com.ar\/diario\/wp-json\/wp\/v2\/posts\/41830","targetHints":{"allow":["GET"]}}],"collection":[{"href":"https:\/\/armstrongyregion.com.ar\/diario\/wp-json\/wp\/v2\/posts"}],"about":[{"href":"https:\/\/armstrongyregion.com.ar\/diario\/wp-json\/wp\/v2\/types\/post"}],"author":[{"embeddable":true,"href":"https:\/\/armstrongyregion.com.ar\/diario\/wp-json\/wp\/v2\/users\/1"}],"replies":[{"embeddable":true,"href":"https:\/\/armstrongyregion.com.ar\/diario\/wp-json\/wp\/v2\/comments?post=41830"}],"version-history":[{"count":1,"href":"https:\/\/armstrongyregion.com.ar\/diario\/wp-json\/wp\/v2\/posts\/41830\/revisions"}],"predecessor-version":[{"id":41833,"href":"https:\/\/armstrongyregion.com.ar\/diario\/wp-json\/wp\/v2\/posts\/41830\/revisions\/41833"}],"wp:featuredmedia":[{"embeddable":true,"href":"https:\/\/armstrongyregion.com.ar\/diario\/wp-json\/wp\/v2\/media\/41832"}],"wp:attachment":[{"href":"https:\/\/armstrongyregion.com.ar\/diario\/wp-json\/wp\/v2\/media?parent=41830"}],"wp:term":[{"taxonomy":"category","embeddable":true,"href":"https:\/\/armstrongyregion.com.ar\/diario\/wp-json\/wp\/v2\/categories?post=41830"},{"taxonomy":"post_tag","embeddable":true,"href":"https:\/\/armstrongyregion.com.ar\/diario\/wp-json\/wp\/v2\/tags?post=41830"}],"curies":[{"name":"wp","href":"https:\/\/api.w.org\/{rel}","templated":true}]}}