{"id":41827,"date":"2024-02-21T21:38:12","date_gmt":"2024-02-21T21:38:12","guid":{"rendered":"https:\/\/armstrongyregion.com.ar\/diario\/?p=41827"},"modified":"2024-02-21T21:38:14","modified_gmt":"2024-02-21T21:38:14","slug":"rosario-trasladaron-los-presos-de-la-comisaria-2a-al-sistema-penitenciario","status":"publish","type":"post","link":"https:\/\/armstrongyregion.com.ar\/diario\/rosario-trasladaron-los-presos-de-la-comisaria-2a-al-sistema-penitenciario\/","title":{"rendered":"Rosario: trasladaron los presos de la Comisar\u00eda 2\u00aa al Sistema Penitenciario."},"content":{"rendered":"\n<figure class=\"wp-block-image size-full\"><a href=\"http:\/\/armstrongyregion.com.ar\/diario\/wp-content\/uploads\/2024\/02\/55-PRESOS-.jpg\"><img loading=\"lazy\" decoding=\"async\" width=\"400\" height=\"267\" src=\"http:\/\/armstrongyregion.com.ar\/diario\/wp-content\/uploads\/2024\/02\/55-PRESOS-.jpg\" alt=\"\" class=\"wp-image-41828\" srcset=\"https:\/\/armstrongyregion.com.ar\/diario\/wp-content\/uploads\/2024\/02\/55-PRESOS-.jpg 400w, https:\/\/armstrongyregion.com.ar\/diario\/wp-content\/uploads\/2024\/02\/55-PRESOS--300x200.jpg 300w\" sizes=\"auto, (max-width: 400px) 100vw, 400px\" \/><\/a><\/figure>\n\n\n\n<h2 class=\"wp-block-heading\">Hab\u00eda 55 personas detenidas, en un lugar con cupo para 16: hoy ya se traslad\u00f3 a 35. En el \u00faltimo tiempo ingresaron m\u00e1s de 1.100 personas al Servicio Penitenciario.<\/h2>\n\n\n\n<figure class=\"wp-block-table\"><table><tbody><tr><td>El Ministerio de Justicia y Seguridad de la provincia realiz\u00f3 este mi\u00e9rcoles un nuevo operativo de traslado de presos al sistema penitenciario, en esta oportunidad desde la Comisar\u00eda 2\u00aa de la Unidad Regional de Rosario, ubicada en Paraguay 1123.La secretaria de Asuntos Penales, Luc\u00eda Masneri Calderari, asegur\u00f3 que \u201chab\u00eda 55 personas detenidas y estamos trasladando a 35. Si bien a m\u00e1s de dos meses de gesti\u00f3n han ingresado al Servicio Penitenciario m\u00e1s de 1.100 personas detenidas en comisar\u00edas, seguimos teniendo internos porque la polic\u00eda recuper\u00f3 la operatividad en calle, y por lo tanto todo aquel que comete un delito, es detenido y procesado a los efectos\u201d.Al hablar puntualmente de la Comisar\u00eda 2\u00aa, la funcionaria advirti\u00f3 que \u201cesta comisar\u00eda tiene cupo para 16 personas: hasta ahora hab\u00eda 55, y quedar\u00e1n 20. Seguimos teniendo hacinamiento porque venimos de 4 a\u00f1os sin obra p\u00fablica para Seguridad, con lo cual no vamos a detener el hacinamiento por simple fuerza de voluntad\u201d.<img decoding=\"async\" alt=\"\" src=\"https:\/\/ci3.googleusercontent.com\/meips\/ADKq_NZ-f4wdv0nxrGIsQIpUQCDn9RLt-Nvd4XhbfCxXTU1Qz_htsW8X3TVoTGk-29isMSQSXvjwUfUEuckh39YpaFizzK2bcw1Kvof_cRnwsGwCpIsl_2nAfdRZa8X9BefNn1d_ZSuW0OzDih7wvhs=s0-d-e1-ft#https:\/\/www.santafe.gob.ar\/noticias\/recursos\/fotos\/2024\/02\/2024-02-21NID_279765O_1.jpeg\">Al ser consultada sobre la cantidad de presos ingresados al Servicio Penitenciario, Masneri aclar\u00f3 que fueron m\u00e1s de 1.100. De ese total, entre 300 y 400 correspondieron a traslados por vaciamiento de comisar\u00edas, y el resto se debe a detenidos nuevos, producto del incremento de la operatividad en calle. \u201cAl Servicio Penitenciario hoy ingresan m\u00e1s personas por detenciones nuevas que las que sacamos de comisar\u00edas\u201d.Por \u00faltimo, la secretaria de asuntos penales, destac\u00f3 que \u201cel Servicio Penitenciario est\u00e1 en permanente reordenamiento porque los movimientos que uno hace en cada unidad impactan en el otro, en beneficio y en perjuicio, por eso todo el tiempo estamos reordenando, catalogando a los presos, evaluando su perfil criminol\u00f3gico, contrastando con el \u00e1rea de inteligencia del Ministerio y definiendo los lugares y las formas de alojamiento\u201d, concluy\u00f3.&nbsp;<\/td><td>&nbsp;<\/td><\/tr><\/tbody><\/table><\/figure>\n\n\n\n<figure class=\"wp-block-table\"><table><tbody><tr><td>&nbsp;<\/td><td>&nbsp;<\/td><\/tr><\/tbody><\/table><\/figure>\n","protected":false},"excerpt":{"rendered":"<p>Rosario: trasladaron los presos de la Comisar\u00eda 2\u00aa al Sistema Penitenciario.<\/p>\n","protected":false},"author":1,"featured_media":41828,"comment_status":"open","ping_status":"open","sticky":false,"template":"","format":"image","meta":{"_jetpack_memberships_contains_paid_content":false,"footnotes":"","jetpack_publicize_message":"","jetpack_publicize_feature_enabled":true,"jetpack_social_post_already_shared":true,"jetpack_social_options":{"image_generator_settings":{"template":"highway","default_image_id":0,"enabled":false},"version":2}},"categories":[8,1,2,7,3],"tags":[10329,5016,10328,8777,42,10158,784,203],"class_list":["post-41827","post","type-post","status-publish","format-image","has-post-thumbnail","hentry","category-deliberando","category-diario-armstrong","category-locales","category-politica","category-region","tag-da-2","tag-armstrong-y-region","tag-de-comisaria","tag-lic-graciela-de-la-casa","tag-los","tag-presos","tag-rosario","tag-trasladaron","post_format-post-format-image"],"jetpack_publicize_connections":[],"jetpack_featured_media_url":"https:\/\/armstrongyregion.com.ar\/diario\/wp-content\/uploads\/2024\/02\/55-PRESOS-.jpg","jetpack_shortlink":"https:\/\/wp.me\/p62QDO-aSD","jetpack_sharing_enabled":true,"amp_enabled":true,"_links":{"self":[{"href":"https:\/\/armstrongyregion.com.ar\/diario\/wp-json\/wp\/v2\/posts\/41827","targetHints":{"allow":["GET"]}}],"collection":[{"href":"https:\/\/armstrongyregion.com.ar\/diario\/wp-json\/wp\/v2\/posts"}],"about":[{"href":"https:\/\/armstrongyregion.com.ar\/diario\/wp-json\/wp\/v2\/types\/post"}],"author":[{"embeddable":true,"href":"https:\/\/armstrongyregion.com.ar\/diario\/wp-json\/wp\/v2\/users\/1"}],"replies":[{"embeddable":true,"href":"https:\/\/armstrongyregion.com.ar\/diario\/wp-json\/wp\/v2\/comments?post=41827"}],"version-history":[{"count":1,"href":"https:\/\/armstrongyregion.com.ar\/diario\/wp-json\/wp\/v2\/posts\/41827\/revisions"}],"predecessor-version":[{"id":41829,"href":"https:\/\/armstrongyregion.com.ar\/diario\/wp-json\/wp\/v2\/posts\/41827\/revisions\/41829"}],"wp:featuredmedia":[{"embeddable":true,"href":"https:\/\/armstrongyregion.com.ar\/diario\/wp-json\/wp\/v2\/media\/41828"}],"wp:attachment":[{"href":"https:\/\/armstrongyregion.com.ar\/diario\/wp-json\/wp\/v2\/media?parent=41827"}],"wp:term":[{"taxonomy":"category","embeddable":true,"href":"https:\/\/armstrongyregion.com.ar\/diario\/wp-json\/wp\/v2\/categories?post=41827"},{"taxonomy":"post_tag","embeddable":true,"href":"https:\/\/armstrongyregion.com.ar\/diario\/wp-json\/wp\/v2\/tags?post=41827"}],"curies":[{"name":"wp","href":"https:\/\/api.w.org\/{rel}","templated":true}]}}