{"id":41824,"date":"2024-02-21T21:26:01","date_gmt":"2024-02-21T21:26:01","guid":{"rendered":"https:\/\/armstrongyregion.com.ar\/diario\/?p=41824"},"modified":"2024-02-21T21:26:04","modified_gmt":"2024-02-21T21:26:04","slug":"diputados-socialistas-respondemos-a-los-insultos-del-presidente-con-propuestas-para-la-gente","status":"publish","type":"post","link":"https:\/\/armstrongyregion.com.ar\/diario\/diputados-socialistas-respondemos-a-los-insultos-del-presidente-con-propuestas-para-la-gente\/","title":{"rendered":"Diputados socialistas: \u00abRespondemos a los insultos del presidente con propuestas para la gente\u00bb"},"content":{"rendered":"\n<figure class=\"wp-block-image size-full\"><a href=\"http:\/\/armstrongyregion.com.ar\/diario\/wp-content\/uploads\/2024\/02\/Fein-21-2-24-.jpg\"><img loading=\"lazy\" decoding=\"async\" width=\"640\" height=\"427\" src=\"http:\/\/armstrongyregion.com.ar\/diario\/wp-content\/uploads\/2024\/02\/Fein-21-2-24-.jpg\" alt=\"\" class=\"wp-image-41825\" srcset=\"https:\/\/armstrongyregion.com.ar\/diario\/wp-content\/uploads\/2024\/02\/Fein-21-2-24-.jpg 640w, https:\/\/armstrongyregion.com.ar\/diario\/wp-content\/uploads\/2024\/02\/Fein-21-2-24--300x200.jpg 300w\" sizes=\"auto, (max-width: 640px) 100vw, 640px\" \/><\/a><\/figure>\n\n\n\n<h2 class=\"wp-block-heading\">Monica Fein y Esteban Paul\u00f3n presentaron 4 proyectos de ley vinculados a garantizar el acceso a la salud, educaci\u00f3n, alimentaci\u00f3n, energ\u00eda y transporte. \u00abCreemos que la direcci\u00f3n que le dio el presidente a su gobierno profundiz\u00f3 la grave situaci\u00f3n financiera que se ven\u00eda gestando. Es hora de pensar en la gente, los \u00fanicos afectados, y dejar de gobernar con slogans y a trav\u00e9s de las redes sociales\u00bb, manifiestan.<\/h2>\n\n\n\n<p>*Fortalecimiento de ingresos de sectores populares*. Los legisladores santafesinos promueven aumentos en jubilaciones, asignaciones y bonos para beneficiarios de la Tarjeta Alimentar. Este proyecto dispone una suba del 30%, retroactivo a febrero -con car\u00e1cter remunerativo-, para los beneficios previsionales equivalentes hasta dos jubilaciones m\u00ednimas.<br>Adem\u00e1s incluye un bono extraordinario para familias beneficiarias de la Tarjeta alimentar, destinado a cubrir la compra de \u00fatiles escolares. El beneficio ir\u00eda de 40 mil hasta 100 mil pesos, de acuerdo a la cantidad de hijos.<\/p>\n\n\n\n<p>*Energ\u00eda*. Ante la actualizaci\u00f3n del esquema tarifario de energ\u00eda el\u00e9ctrica y gas, Fein y Paul\u00f3n reactivan el proyecto de ley presentado durante 2023 y desde donde se propone la regulaci\u00f3n del servicio de garrafa de gas licuado de petr\u00f3leo, con la intenci\u00f3n de contener su precio frente a los aumentos desmedidos.<\/p>\n\n\n\n<p>*Transporte*. El proyecto de los diputados por Santa Fe solicita al ejecutivo que se considere la vigencia del art\u00edculo 81 de la ley 27.701, el cual manifiesta la pr\u00f3rroga del Fondo de Compensaci\u00f3n al Transporte P\u00fablico de Pasajeros por Automotor Urbano y Suburbano del Interior del Pa\u00eds.<\/p>\n\n\n\n<p>*Salud.* El proyecto de ley solicita que se garantice la continuidad de los tratamientos oncol\u00f3gicos, de enfermedades cr\u00f3nicas discapacitantes y de patolog\u00edas agudas urgentes, cuya provisi\u00f3n de medicamentos se encuentra bajo la \u00f3rbita de la Direcci\u00f3n De Asistencia Directa Por Situaciones Especiales (DADSE), y evite poner en riesgo la salud y la vida de las y los pacientes.<br>Seg\u00fan la cartera de Capital Humano, la suspensi\u00f3n est\u00e1 vinculada a irregularidades detectadas por la Auditor\u00eda Interna y seguir\u00e1 vigente hasta tanto se revisen los circuitos administrativos. \u201cLo cierto es que, m\u00e1s all\u00e1 de las acciones que pudieran corresponder frente a la presencia de este tipo de irregularidades, hoy no existe certeza sobre lo que suceder\u00e1 a futuro y sobre las chances de que las personas contin\u00faen recibiendo sus tratamientos.<br>La implementaci\u00f3n de este tipo de<br>procedimientos administrativos que revisten cierta complejidad, no puede poner en riesgo la salud<br>de las personas. Se debe mejorar el sistema y, en paralelo, garantizar la continuidad de los<br>tratamientos. El Estado Nacional, como autoridad rectora en pol\u00edticas de salud y como garante de<br>este derecho, es el responsable de garantizar. El ajuste no puede recaer sobre quienes m\u00e1s lo necesitan\u201d, concluyen.<\/p>\n\n\n\n<p><img decoding=\"async\" src=\"https:\/\/mail.google.com\/mail\/u\/0?ui=2&amp;ik=b40ff843d4&amp;attid=0.1&amp;permmsgid=msg-a:r-4418528462632119856&amp;th=18dcd6828be459f5&amp;view=fimg&amp;fur=ip&amp;sz=s0-l75-ft&amp;attbid=ANGjdJ-hFNvM8yAyyom3SXeMMAEGLMUCGlz-6-VcRKs7p-RsUWu1FpAlFN4tts6mjjTEHdVXVe8aEEG7EOKicXbjhYqSMABNu3mJuqFq_zP20OWLGI2eZnR0OH-12q4&amp;disp=emb&amp;realattid=18dcd67b423c4fa2ee61\"><\/p>\n\n\n\n<figure class=\"wp-block-table\"><table><tbody><tr><td><img decoding=\"async\" src=\"https:\/\/lh3.googleusercontent.com\/a\/ACg8ocJzJypPm33t025NP5b4jg0cfuSFfyJVXoiHkO9AMDhzJg=s40-p\"><\/td><td>ResponderReenviarAgregar reacci\u00f3n<\/td><\/tr><\/tbody><\/table><\/figure>\n","protected":false},"excerpt":{"rendered":"<p>Diputados socialistas: \u00abRespondemos a los insultos del presidente con propuestas para la gente\u00bb<\/p>\n","protected":false},"author":1,"featured_media":41825,"comment_status":"open","ping_status":"open","sticky":false,"template":"","format":"image","meta":{"_jetpack_memberships_contains_paid_content":false,"footnotes":"","jetpack_publicize_message":"","jetpack_publicize_feature_enabled":true,"jetpack_social_post_already_shared":true,"jetpack_social_options":{"image_generator_settings":{"template":"highway","default_image_id":0,"enabled":false},"version":2}},"categories":[8,1,2,7,3],"tags":[33,5016,100,53,9626,10327,8777,42,1750,362,10326,10325],"class_list":["post-41824","post","type-post","status-publish","format-image","has-post-thumbnail","hentry","category-deliberando","category-diario-armstrong","category-locales","category-politica","category-region","tag-a","tag-armstrong-y-region","tag-con","tag-del","tag-diputados-2","tag-insultos","tag-lic-graciela-de-la-casa","tag-los","tag-presidente","tag-propuestas","tag-respondemos","tag-socialistas-2","post_format-post-format-image"],"jetpack_publicize_connections":[],"jetpack_featured_media_url":"https:\/\/armstrongyregion.com.ar\/diario\/wp-content\/uploads\/2024\/02\/Fein-21-2-24-.jpg","jetpack_shortlink":"https:\/\/wp.me\/p62QDO-aSA","jetpack_sharing_enabled":true,"amp_enabled":true,"_links":{"self":[{"href":"https:\/\/armstrongyregion.com.ar\/diario\/wp-json\/wp\/v2\/posts\/41824","targetHints":{"allow":["GET"]}}],"collection":[{"href":"https:\/\/armstrongyregion.com.ar\/diario\/wp-json\/wp\/v2\/posts"}],"about":[{"href":"https:\/\/armstrongyregion.com.ar\/diario\/wp-json\/wp\/v2\/types\/post"}],"author":[{"embeddable":true,"href":"https:\/\/armstrongyregion.com.ar\/diario\/wp-json\/wp\/v2\/users\/1"}],"replies":[{"embeddable":true,"href":"https:\/\/armstrongyregion.com.ar\/diario\/wp-json\/wp\/v2\/comments?post=41824"}],"version-history":[{"count":1,"href":"https:\/\/armstrongyregion.com.ar\/diario\/wp-json\/wp\/v2\/posts\/41824\/revisions"}],"predecessor-version":[{"id":41826,"href":"https:\/\/armstrongyregion.com.ar\/diario\/wp-json\/wp\/v2\/posts\/41824\/revisions\/41826"}],"wp:featuredmedia":[{"embeddable":true,"href":"https:\/\/armstrongyregion.com.ar\/diario\/wp-json\/wp\/v2\/media\/41825"}],"wp:attachment":[{"href":"https:\/\/armstrongyregion.com.ar\/diario\/wp-json\/wp\/v2\/media?parent=41824"}],"wp:term":[{"taxonomy":"category","embeddable":true,"href":"https:\/\/armstrongyregion.com.ar\/diario\/wp-json\/wp\/v2\/categories?post=41824"},{"taxonomy":"post_tag","embeddable":true,"href":"https:\/\/armstrongyregion.com.ar\/diario\/wp-json\/wp\/v2\/tags?post=41824"}],"curies":[{"name":"wp","href":"https:\/\/api.w.org\/{rel}","templated":true}]}}