{"id":41807,"date":"2024-02-21T00:07:00","date_gmt":"2024-02-21T00:07:00","guid":{"rendered":"https:\/\/armstrongyregion.com.ar\/diario\/?p=41807"},"modified":"2024-02-23T12:21:21","modified_gmt":"2024-02-23T12:21:21","slug":"armstrong-aumento-de-luz-en-febrero-2024","status":"publish","type":"post","link":"https:\/\/armstrongyregion.com.ar\/diario\/armstrong-aumento-de-luz-en-febrero-2024\/","title":{"rendered":"Armstrong. Aumento en la factura de luz de febrero 2024."},"content":{"rendered":"\n<figure class=\"wp-block-image size-full\"><a href=\"http:\/\/armstrongyregion.com.ar\/diario\/wp-content\/uploads\/2024\/02\/Ricardo-Airasca-FEBRERO-2024.jpg\"><img loading=\"lazy\" decoding=\"async\" width=\"714\" height=\"536\" src=\"http:\/\/armstrongyregion.com.ar\/diario\/wp-content\/uploads\/2024\/02\/Ricardo-Airasca-FEBRERO-2024.jpg\" alt=\"\" class=\"wp-image-41808\" srcset=\"https:\/\/armstrongyregion.com.ar\/diario\/wp-content\/uploads\/2024\/02\/Ricardo-Airasca-FEBRERO-2024.jpg 714w, https:\/\/armstrongyregion.com.ar\/diario\/wp-content\/uploads\/2024\/02\/Ricardo-Airasca-FEBRERO-2024-300x225.jpg 300w\" sizes=\"auto, (max-width: 714px) 100vw, 714px\" \/><\/a><\/figure>\n\n\n\n<h2 class=\"wp-block-heading\">En la ma\u00f1ana del lunes, el Gerente General de la Cooperativa El\u00e9ctrica de Armstrong, Ing. Ricardo Airasca, en di\u00e1logo con los medios locales expresaba, \u201cEl aumento en el precio de la luz para febrero de 2024 ya es una realidad en Argentina.\u201d.<\/h2>\n\n\n\n<p><\/p>\n\n\n\n<figure class=\"wp-block-audio\"><audio controls src=\"http:\/\/armstrongyregion.com.ar\/diario\/wp-content\/uploads\/2024\/02\/Voz-341-diario.mp3\"><\/audio><\/figure>\n\n\n\n<p><strong>\u201cEste ajuste en las&nbsp;<a href=\"https:\/\/www.eldestapeweb.com\/tag\/tarifas-electricas\">tarifas el\u00e9ctricas<\/a>, que afecta a empresas, industrias, comercios, y hogares de altos ingresos o sin subsidio empezar\u00e1n a regir a partir de este mes, donde ese segmento ver\u00e1 importantes incrementos en sus boletas.<\/strong>&nbsp;Los cambios en los precios de la energ\u00eda el\u00e9ctrica, alcanzan hasta un 124%\u201d. Expres\u00f3 Airasca.<\/p>\n\n\n\n<p><strong>La Secretar\u00eda de Energ\u00eda, mediante la Resoluci\u00f3n 7\/2024 publicada en el Bolet\u00edn Oficial, ha decidido mantener los subsidios para usuarios de ingresos bajos y medios, categorizados como N2 y N3, respectivamente.&nbsp;<\/strong>Esto con el fin de suavizar el impacto en los costos del servicio el\u00e9ctrico para estos segmentos de la poblaci\u00f3n, mientras se trabaja en la implementaci\u00f3n de un nuevo esquema de subsidios basado en la capacidad de pago de cada consumidor.<\/p>\n\n\n\n<p>\u00ab<strong>El nuevo esquema tarifario establece precios diferenciados seg\u00fan el horario de consumo para el Nivel 1 (N1), sin subsidios, representando aumentos significativos respecto a los valores anteriores\u00bb. Explicaba el gerente de la Cooperativa El\u00e9ctrica.<\/strong><\/p>\n\n\n\n<p>Determinar si el aumento de tarifa le afectar\u00e1 en mayor o menor medida en febrero depende de su clasificaci\u00f3n en el esquema de segmentaci\u00f3n energ\u00e9tica.&nbsp;<strong>Los usuarios categorizados como Nivel 1 (N1) \u2013 Mayores Ingresos ser\u00e1n los principales afectados por el ajuste tarifario. Este grupo incluye a aquellos hogares que cumplan con uno o m\u00e1s de los siguientes criterios: ingresos mensuales netos superiores a 3,5 veces la Canasta B\u00e1sica Total (CBT)<\/strong>&nbsp;para un hogar de dos personas, seg\u00fan el INDEC; titularidad de dos o m\u00e1s autom\u00f3viles con menos de cinco a\u00f1os de antig\u00fcedad; posesi\u00f3n de tres o m\u00e1s inmuebles; ser propietario de aeronaves o embarcaciones de lujo; o tener activos societarios que reflejen una capacidad econ\u00f3mica plena.<\/p>\n\n\n\n<p>\u201cDe todas formas habr\u00e1 un estricto control y recategorizaci\u00f3n para aquellos usuarios que tienen subsidios en la energ\u00eda el\u00e9ctrica como los N2 y N3. Estas ayudas podr\u00edan perderse si tienen un veh\u00edculo, motocicleta o auto adquirido en los \u00faltimos 5 a\u00f1os\u201d. Finaliz\u00f3 el Ingeniero.<\/p>\n\n\n\n<p><strong>Estos incrementos en el servicio de luz, buscan seg\u00fan el gobierno de Javier Milei un sistema m\u00e1s sustentable y equitativo, tratando de corregir los desequilibrios financieros ocasionados por los subsidios energ\u00e9ticos a lo largo de dos d\u00e9cadas, los cuales representaron un d\u00e9ficit millonario para el para el Estado.<\/strong><\/p>\n\n\n\n<h2 class=\"wp-block-heading\"><br><br><\/h2>\n","protected":false},"excerpt":{"rendered":"<p>Armstrong. Aumento de luz en febrero 2024.<\/p>\n","protected":false},"author":1,"featured_media":41808,"comment_status":"open","ping_status":"open","sticky":false,"template":"","format":"image","meta":{"_jetpack_memberships_contains_paid_content":false,"footnotes":"","jetpack_publicize_message":"","jetpack_publicize_feature_enabled":true,"jetpack_social_post_already_shared":true,"jetpack_social_options":{"image_generator_settings":{"template":"highway","default_image_id":0,"enabled":false},"version":2}},"categories":[8,1,2,3],"tags":[2286,5016,1234,19,2211,8777,10324,2285],"class_list":["post-41807","post","type-post","status-publish","format-image","has-post-thumbnail","hentry","category-deliberando","category-diario-armstrong","category-locales","category-region","tag-airasca","tag-armstrong-y-region","tag-aumento","tag-de","tag-factura","tag-lic-graciela-de-la-casa","tag-lu","tag-ricardo","post_format-post-format-image"],"jetpack_publicize_connections":[],"jetpack_featured_media_url":"https:\/\/armstrongyregion.com.ar\/diario\/wp-content\/uploads\/2024\/02\/Ricardo-Airasca-FEBRERO-2024.jpg","jetpack_shortlink":"https:\/\/wp.me\/p62QDO-aSj","jetpack_sharing_enabled":true,"amp_enabled":true,"_links":{"self":[{"href":"https:\/\/armstrongyregion.com.ar\/diario\/wp-json\/wp\/v2\/posts\/41807","targetHints":{"allow":["GET"]}}],"collection":[{"href":"https:\/\/armstrongyregion.com.ar\/diario\/wp-json\/wp\/v2\/posts"}],"about":[{"href":"https:\/\/armstrongyregion.com.ar\/diario\/wp-json\/wp\/v2\/types\/post"}],"author":[{"embeddable":true,"href":"https:\/\/armstrongyregion.com.ar\/diario\/wp-json\/wp\/v2\/users\/1"}],"replies":[{"embeddable":true,"href":"https:\/\/armstrongyregion.com.ar\/diario\/wp-json\/wp\/v2\/comments?post=41807"}],"version-history":[{"count":6,"href":"https:\/\/armstrongyregion.com.ar\/diario\/wp-json\/wp\/v2\/posts\/41807\/revisions"}],"predecessor-version":[{"id":41851,"href":"https:\/\/armstrongyregion.com.ar\/diario\/wp-json\/wp\/v2\/posts\/41807\/revisions\/41851"}],"wp:featuredmedia":[{"embeddable":true,"href":"https:\/\/armstrongyregion.com.ar\/diario\/wp-json\/wp\/v2\/media\/41808"}],"wp:attachment":[{"href":"https:\/\/armstrongyregion.com.ar\/diario\/wp-json\/wp\/v2\/media?parent=41807"}],"wp:term":[{"taxonomy":"category","embeddable":true,"href":"https:\/\/armstrongyregion.com.ar\/diario\/wp-json\/wp\/v2\/categories?post=41807"},{"taxonomy":"post_tag","embeddable":true,"href":"https:\/\/armstrongyregion.com.ar\/diario\/wp-json\/wp\/v2\/tags?post=41807"}],"curies":[{"name":"wp","href":"https:\/\/api.w.org\/{rel}","templated":true}]}}