{"id":41804,"date":"2024-02-20T23:51:48","date_gmt":"2024-02-20T23:51:48","guid":{"rendered":"https:\/\/armstrongyregion.com.ar\/diario\/?p=41804"},"modified":"2024-02-20T23:51:51","modified_gmt":"2024-02-20T23:51:51","slug":"inauguracion-centro-de-aprendizaje-universidad-siglo-xxi-en-las-rosas","status":"publish","type":"post","link":"https:\/\/armstrongyregion.com.ar\/diario\/inauguracion-centro-de-aprendizaje-universidad-siglo-xxi-en-las-rosas\/","title":{"rendered":"Inauguraci\u00f3n centro de aprendizaje Universidad Siglo XXI en Las Rosas."},"content":{"rendered":"\n<figure class=\"wp-block-image size-full\"><a href=\"http:\/\/armstrongyregion.com.ar\/diario\/wp-content\/uploads\/2024\/02\/UNI-SIGLO-XXI.jpg\"><img loading=\"lazy\" decoding=\"async\" width=\"645\" height=\"362\" src=\"http:\/\/armstrongyregion.com.ar\/diario\/wp-content\/uploads\/2024\/02\/UNI-SIGLO-XXI.jpg\" alt=\"\" class=\"wp-image-41805\" srcset=\"https:\/\/armstrongyregion.com.ar\/diario\/wp-content\/uploads\/2024\/02\/UNI-SIGLO-XXI.jpg 645w, https:\/\/armstrongyregion.com.ar\/diario\/wp-content\/uploads\/2024\/02\/UNI-SIGLO-XXI-300x168.jpg 300w\" sizes=\"auto, (max-width: 645px) 100vw, 645px\" \/><\/a><\/figure>\n\n\n\n<h2 class=\"wp-block-heading\">Alumnos podr\u00e1n rendir ex\u00e1menes y cursar materias.<\/h2>\n\n\n\n<p>Fue inaugurado el nuevo edificio del Centro de Aprendizaje Universitario Las Rosas de Universidad Siglo 21.<br>El mismo se encuentra ubicado en calle Maip\u00fa 856.<\/p>\n\n\n\n<p>Todo inici\u00f3 meses atr\u00e1s con la firma de un convenio de cooperaci\u00f3n mutua entre Universidad Siglo 21 y el Intendente Javier Meyer.<\/p>\n\n\n\n<p>Tiene como prop\u00f3sito fomentar la capacitaci\u00f3n, en consonancia con los objetivos fundacionales de ambas instituciones, brindando beneficios para aquellos que deseen estudiar en UES21 una tecnicatura, una carrera de grado y\/o Posgrado en cualquiera de sus modalidades.<\/p>\n\n\n\n<figure class=\"wp-block-embed is-type-video is-provider-youtube wp-block-embed-youtube wp-embed-aspect-16-9 wp-has-aspect-ratio\"><div class=\"wp-block-embed__wrapper\">\n<iframe loading=\"lazy\" title=\"19-02-24 Nota Mar\u00eda Alba Garcia \/ Franco Delucchi \u2013 Coordinador Regional\" width=\"800\" height=\"450\" src=\"https:\/\/www.youtube.com\/embed\/ewY2XAHNXvU?feature=oembed\" frameborder=\"0\" allow=\"accelerometer; autoplay; clipboard-write; encrypted-media; gyroscope; picture-in-picture; web-share\" allowfullscreen><\/iframe>\n<\/div><\/figure>\n\n\n\n<p>Fuente: Renacer Regional.<\/p>\n","protected":false},"excerpt":{"rendered":"<p>Inauguraci\u00f3n centro de aprendizaje Universidad Siglo XXI en Las Rosas.<\/p>\n","protected":false},"author":1,"featured_media":41805,"comment_status":"open","ping_status":"open","sticky":false,"template":"","format":"image","meta":{"_jetpack_memberships_contains_paid_content":false,"footnotes":"","jetpack_publicize_message":"","jetpack_publicize_feature_enabled":true,"jetpack_social_post_already_shared":true,"jetpack_social_options":{"image_generator_settings":{"template":"highway","default_image_id":0,"enabled":false},"version":2}},"categories":[6,8,1,2,7,3],"tags":[10323,5016,21,19,224,8777,9313,1127],"class_list":["post-41804","post","type-post","status-publish","format-image","has-post-thumbnail","hentry","category-cultura-entretenimiento","category-deliberando","category-diario-armstrong","category-locales","category-politica","category-region","tag-aprendiaje","tag-armstrong-y-region","tag-centro","tag-de","tag-inauguracion","tag-lic-graciela-de-la-casa","tag-siglo-xxi","tag-universidad","post_format-post-format-image"],"jetpack_publicize_connections":[],"jetpack_featured_media_url":"https:\/\/armstrongyregion.com.ar\/diario\/wp-content\/uploads\/2024\/02\/UNI-SIGLO-XXI.jpg","jetpack_shortlink":"https:\/\/wp.me\/p62QDO-aSg","jetpack_sharing_enabled":true,"amp_enabled":true,"_links":{"self":[{"href":"https:\/\/armstrongyregion.com.ar\/diario\/wp-json\/wp\/v2\/posts\/41804","targetHints":{"allow":["GET"]}}],"collection":[{"href":"https:\/\/armstrongyregion.com.ar\/diario\/wp-json\/wp\/v2\/posts"}],"about":[{"href":"https:\/\/armstrongyregion.com.ar\/diario\/wp-json\/wp\/v2\/types\/post"}],"author":[{"embeddable":true,"href":"https:\/\/armstrongyregion.com.ar\/diario\/wp-json\/wp\/v2\/users\/1"}],"replies":[{"embeddable":true,"href":"https:\/\/armstrongyregion.com.ar\/diario\/wp-json\/wp\/v2\/comments?post=41804"}],"version-history":[{"count":1,"href":"https:\/\/armstrongyregion.com.ar\/diario\/wp-json\/wp\/v2\/posts\/41804\/revisions"}],"predecessor-version":[{"id":41806,"href":"https:\/\/armstrongyregion.com.ar\/diario\/wp-json\/wp\/v2\/posts\/41804\/revisions\/41806"}],"wp:featuredmedia":[{"embeddable":true,"href":"https:\/\/armstrongyregion.com.ar\/diario\/wp-json\/wp\/v2\/media\/41805"}],"wp:attachment":[{"href":"https:\/\/armstrongyregion.com.ar\/diario\/wp-json\/wp\/v2\/media?parent=41804"}],"wp:term":[{"taxonomy":"category","embeddable":true,"href":"https:\/\/armstrongyregion.com.ar\/diario\/wp-json\/wp\/v2\/categories?post=41804"},{"taxonomy":"post_tag","embeddable":true,"href":"https:\/\/armstrongyregion.com.ar\/diario\/wp-json\/wp\/v2\/tags?post=41804"}],"curies":[{"name":"wp","href":"https:\/\/api.w.org\/{rel}","templated":true}]}}