{"id":41800,"date":"2024-02-20T23:46:23","date_gmt":"2024-02-20T23:46:23","guid":{"rendered":"https:\/\/armstrongyregion.com.ar\/diario\/?p=41800"},"modified":"2024-02-21T03:24:42","modified_gmt":"2024-02-21T03:24:42","slug":"secuestro-de-una-moto-herramientas-y-un-menor-detenido-en-armstrong","status":"publish","type":"post","link":"https:\/\/armstrongyregion.com.ar\/diario\/secuestro-de-una-moto-herramientas-y-un-menor-detenido-en-armstrong\/","title":{"rendered":"Secuestro de una moto, herramientas y un menor detenido en Armstrong."},"content":{"rendered":"\n<figure class=\"wp-block-image size-full\"><a href=\"http:\/\/armstrongyregion.com.ar\/diario\/wp-content\/uploads\/2024\/02\/ZANELITA-.jpg\"><img loading=\"lazy\" decoding=\"async\" width=\"645\" height=\"463\" src=\"http:\/\/armstrongyregion.com.ar\/diario\/wp-content\/uploads\/2024\/02\/ZANELITA-.jpg\" alt=\"\" class=\"wp-image-41801\" srcset=\"https:\/\/armstrongyregion.com.ar\/diario\/wp-content\/uploads\/2024\/02\/ZANELITA-.jpg 645w, https:\/\/armstrongyregion.com.ar\/diario\/wp-content\/uploads\/2024\/02\/ZANELITA--300x215.jpg 300w\" sizes=\"auto, (max-width: 645px) 100vw, 645px\" \/><\/a><\/figure>\n\n\n\n<h2 class=\"wp-block-heading\">El ciclomotor hab\u00eda sido denunciado como robado, tras un patrullaje se logro la aprensi\u00f3n de un menor de edad y el recupero del rodado.<\/h2>\n\n\n\n<p>En horas de la ma\u00f1ana se recibe denuncia femenina quien manifiesta que nota la faltante de su ciclomotor de marca Zanella de color roja con dominio 549CKD que hab\u00edan dejado en la parte delantera de la finca junto al garaje, dentro de un enrejado.<\/p>\n\n\n\n<p>En horas de la tarde se recibe informaci\u00f3n que dicho rodado podr\u00eda estar en inmediaciones de calle Brasil y San Lorenzo en cercan\u00edas del Fonavi Sur, por lo que se efect\u00faa un patrullaje intensivo por la zona mencionada, siendo que en calle Brasil a la altura catastral 2050 observan a un masculino junto a la moto sustra\u00edda, procediendo a la aprehensi\u00f3n de un masculino menor de edad; al secuestro del ciclomotor y de una mochila con herramientas y partes de la moto.<\/p>\n\n\n\n<p>Interviene el Juzgado de Menores N\u00ba 1.<\/p>\n\n\n\n<figure class=\"wp-block-image\"><img decoding=\"async\" src=\"https:\/\/renacerfm.com.ar\/download\/multimedia.miniatura.aa41bb60a4293267.bW9jaGlsYV9taW5pYXR1cmEud2VicA%3D%3D.webp\" alt=\"mochila\"\/><\/figure>\n\n\n\n<p>Fuente: Renacer Regional.<\/p>\n","protected":false},"excerpt":{"rendered":"<p>Secuestro de una moto, herramientas y un menor detenido en Armstrong.<\/p>\n","protected":false},"author":1,"featured_media":41801,"comment_status":"open","ping_status":"open","sticky":false,"template":"","format":"image","meta":{"_jetpack_memberships_contains_paid_content":false,"footnotes":"","jetpack_publicize_message":"","jetpack_publicize_feature_enabled":true,"jetpack_social_post_already_shared":true,"jetpack_social_options":{"image_generator_settings":{"template":"highway","default_image_id":0,"enabled":false},"version":2}},"categories":[8,1,2,7],"tags":[20,5016,19,9687,15,8777,633,3653,192],"class_list":["post-41800","post","type-post","status-publish","format-image","has-post-thumbnail","hentry","category-deliberando","category-diario-armstrong","category-locales","category-politica","tag-armstrong","tag-armstrong-y-region","tag-de","tag-detenido","tag-en","tag-lic-graciela-de-la-casa","tag-moto","tag-secuestro","tag-un","post_format-post-format-image"],"jetpack_publicize_connections":[],"jetpack_featured_media_url":"https:\/\/armstrongyregion.com.ar\/diario\/wp-content\/uploads\/2024\/02\/ZANELITA-.jpg","jetpack_shortlink":"https:\/\/wp.me\/p62QDO-aSc","jetpack_sharing_enabled":true,"amp_enabled":true,"_links":{"self":[{"href":"https:\/\/armstrongyregion.com.ar\/diario\/wp-json\/wp\/v2\/posts\/41800","targetHints":{"allow":["GET"]}}],"collection":[{"href":"https:\/\/armstrongyregion.com.ar\/diario\/wp-json\/wp\/v2\/posts"}],"about":[{"href":"https:\/\/armstrongyregion.com.ar\/diario\/wp-json\/wp\/v2\/types\/post"}],"author":[{"embeddable":true,"href":"https:\/\/armstrongyregion.com.ar\/diario\/wp-json\/wp\/v2\/users\/1"}],"replies":[{"embeddable":true,"href":"https:\/\/armstrongyregion.com.ar\/diario\/wp-json\/wp\/v2\/comments?post=41800"}],"version-history":[{"count":2,"href":"https:\/\/armstrongyregion.com.ar\/diario\/wp-json\/wp\/v2\/posts\/41800\/revisions"}],"predecessor-version":[{"id":41821,"href":"https:\/\/armstrongyregion.com.ar\/diario\/wp-json\/wp\/v2\/posts\/41800\/revisions\/41821"}],"wp:featuredmedia":[{"embeddable":true,"href":"https:\/\/armstrongyregion.com.ar\/diario\/wp-json\/wp\/v2\/media\/41801"}],"wp:attachment":[{"href":"https:\/\/armstrongyregion.com.ar\/diario\/wp-json\/wp\/v2\/media?parent=41800"}],"wp:term":[{"taxonomy":"category","embeddable":true,"href":"https:\/\/armstrongyregion.com.ar\/diario\/wp-json\/wp\/v2\/categories?post=41800"},{"taxonomy":"post_tag","embeddable":true,"href":"https:\/\/armstrongyregion.com.ar\/diario\/wp-json\/wp\/v2\/tags?post=41800"}],"curies":[{"name":"wp","href":"https:\/\/api.w.org\/{rel}","templated":true}]}}