{"id":41777,"date":"2024-02-19T10:51:56","date_gmt":"2024-02-19T10:51:56","guid":{"rendered":"https:\/\/armstrongyregion.com.ar\/diario\/?p=41777"},"modified":"2024-02-19T10:51:58","modified_gmt":"2024-02-19T10:51:58","slug":"provincia-saldo-deudas-con-empresas-municipios-y-comunas-para-sostener-la-obra-publica","status":"publish","type":"post","link":"https:\/\/armstrongyregion.com.ar\/diario\/provincia-saldo-deudas-con-empresas-municipios-y-comunas-para-sostener-la-obra-publica\/","title":{"rendered":"Provincia sald\u00f3 deudas con empresas, municipios y comunas para sostener la obra p\u00fablica."},"content":{"rendered":"\n<figure class=\"wp-block-image size-full\"><a href=\"http:\/\/armstrongyregion.com.ar\/diario\/wp-content\/uploads\/2024\/02\/PCIA.SALDO_.DEUDAS-A-.jpg\"><img loading=\"lazy\" decoding=\"async\" width=\"400\" height=\"267\" src=\"http:\/\/armstrongyregion.com.ar\/diario\/wp-content\/uploads\/2024\/02\/PCIA.SALDO_.DEUDAS-A-.jpg\" alt=\"\" class=\"wp-image-41778\" srcset=\"https:\/\/armstrongyregion.com.ar\/diario\/wp-content\/uploads\/2024\/02\/PCIA.SALDO_.DEUDAS-A-.jpg 400w, https:\/\/armstrongyregion.com.ar\/diario\/wp-content\/uploads\/2024\/02\/PCIA.SALDO_.DEUDAS-A--300x200.jpg 300w\" sizes=\"auto, (max-width: 400px) 100vw, 400px\" \/><\/a><\/figure>\n\n\n\n<h2 class=\"wp-block-heading\">La gesti\u00f3n del gobernador Maximiliano Pullaro puso al d\u00eda la deuda que en algunos casos llegaba a un a\u00f1o. \u201cPese al contexto dif\u00edcil, con los esfuerzos que hemos hecho, con transparencia y ordenando el ministerio, pudimos cumplir con las obligaciones que hab\u00edan quedado pendientes y sostener la obra p\u00fablica\u201d, destac\u00f3 el ministro Lisandro Enrico.<\/h2>\n\n\n\n<p>El gobierno provincial, a trav\u00e9s del ministerio de Obras P\u00fablicas, sald\u00f3 las deudas a empresas, municipios y comunas que proven\u00edan de la gesti\u00f3n anterior. El esfuerzo administrativo posibilit\u00f3 darle continuidad a la obra provincial en un contexto econ\u00f3mico dif\u00edcil, y permiti\u00f3 que muchas empresas reciban el cobro de certificados adeudados por la gesti\u00f3n anterior y quedaron al d\u00eda.<\/p>\n\n\n\n<p>Parte de estos fondos, tambi\u00e9n fue destinada a comunas y municipios que durante 2023 se encargaron de sostener las tareas de mantenimiento en rutas secundarias y trabajos de desmalezados. La mayor\u00eda de esos gobiernos locales no percib\u00edan estos fondos desde inicios de 2023.<\/p>\n\n\n\n<p>En ese marco, el ministro de Obras P\u00fablicas, Lisandro Enrico, sostuvo que \u201cestos esfuerzos, coordinados con el Ministerio de Econom\u00eda, le permitieron a la provincia reactivar obras provinciales (no nacionales) que corr\u00edan riesgos de ser neutralizadas por los atrasos de pagos que hubo hasta el pasado diciembre\u201d.<\/p>\n\n\n\n<p><strong>Transparencia en las obras p\u00fablicas<\/strong><\/p>\n\n\n\n<p>\u201cDesde el Ministerio de Obras P\u00fablicas tenemos la misi\u00f3n de transparentar su funcionamiento y, en este sentido, estamos transmitiendo el cumplimiento de pagos durante los dos primeros meses de gesti\u00f3n. En total, los esfuerzos econ\u00f3micos que hemos hecho desde el Ministerio superan los 28 mil millones de pesos y son fondos que se transfirieron a contratistas (empresas de obras), municipios y comunas que cuando asumimos estaban disconformes porque no recib\u00edan pagos desde los primeros meses del 2023, en una determinaci\u00f3n pol\u00edtica irresponsable y poco solidaria que hab\u00eda definido la gesti\u00f3n de Omar Perotti en su \u00faltimo a\u00f1o\u201d, se\u00f1al\u00f3 el ministro.<\/p>\n\n\n\n<p>\u201cCon estos pagos de certificaciones de noviembre, podemos decir que pr\u00e1cticamente estamos al d\u00eda, lo que posibilita generar confianza con las empresas y gobiernos locales para que no detengan sus compromisos y se le pueda dar continuidad a la obra p\u00fablica en este escenario inflacionario tan complejo. Incluso, el hecho de que sigan las obras tiene un fuerte respaldo del gobernador Maximiliano Pullaro, dado que de esta manera tambi\u00e9n se pueden sostener miles de puestos de trabajos en la provincia mediante las empresas contratistas. Estamos trabajando permanentemente con los representantes de la C\u00e1mara de la Construcci\u00f3n, eso posibilita ponernos de acuerdo y unir criterios para que el ritmo de obras pueda reflotarse en un contexto muy cr\u00edtico\u201d, expres\u00f3 Enrico.<\/p>\n\n\n\n<figure class=\"wp-block-image\"><img decoding=\"async\" src=\"https:\/\/ci3.googleusercontent.com\/meips\/ADKq_NaaiFBDZyLv5sJgMBdDxOJxyGT8vkSuH-ZG7CygzVHE8J0DiP_ZYKIhq5TKWvn1V2-RdcW2rbRS9-yMaNvcd8-5mDCpHiUBkt5ZkbWMS-w_Y-ltB8CCLMQenDDJiONAH7yynf-SzrUPex95ktA=s0-d-e1-ft#https:\/\/www.santafe.gov.ar\/noticias\/recursos\/fotos\/2024\/02\/2024-02-16NID_279737O_2.jpeg\" alt=\"\"\/><\/figure>\n\n\n\n<p><strong>Deudas saldadas con comunas y municipios<\/strong><\/p>\n\n\n\n<p>Los fondos provinciales entregados desde el 10 de diciembre hasta el 9 de febrero a comunas y municipios son reintegros hechos por la Direcci\u00f3n Provincial de Vialidad y por la Direcci\u00f3n Provincial de Vivienda y Urbanismo (todos habilitados por el Ministerio de Obras P\u00fablicas).<\/p>\n\n\n\n<p>En 2023, el gobierno provincial dej\u00f3 de abonar las certificaciones y muchas localidades tuvieron que sostener los trabajos sin recibir dinero durante casi un a\u00f1o.<\/p>\n\n\n\n<p><strong>Continuidad de la obra p\u00fablica<\/strong><\/p>\n\n\n\n<p>Otro hecho importante fue que el nuevo gobierno provincial dispuso dos decretos para llegar a un acuerdo ante los reclamos que manifestaba la C\u00e1mara de Construcci\u00f3n. Por un lado, el decreto del \u00cdndice de Costo de la Construcci\u00f3n (ICC). Ahora los certificados se actualizan provisoriamente por dicho ICC al momento en que las empresas emiten el certificado.<\/p>\n\n\n\n<p>Mientras que el otro cambio relevante fue la adecuaci\u00f3n del decreto reglamentario de la \u201cley de redeterminaciones de precios\u201d. A partir de enero, los certificados se actualizan seg\u00fan el \u00edndice de variaciones de precios del mismo mes en el cual se efectuaron los trabajos y ya no se utiliza el \u00edndice del mes anterior, como ven\u00eda ocurriendo.<\/p>\n\n\n\n<p><strong>Detalle de los pagos<\/strong><\/p>\n\n\n\n<p>Desde la Secretar\u00eda de Coordinaci\u00f3n T\u00e9cnica se inform\u00f3 que los $28.295.893.457 ($11.243.058.177 del 10 de diciembre al 9 de enero y 17.052.835.280 del 10 de enero al 9 de febrero) se saldaron de la siguiente manera:<\/p>\n\n\n\n<p>* Administraci\u00f3n Central : $ 10.798.117.966 (contratistas $10.028.146.221 y municipios\/comunas $ 769.971.745)<br>* Direcci\u00f3n Provincial de Vialidad : $ 16.888.200.101 (contratistas $ 15.831.713.068 y municipios\/comunas $ 1.056.487.033).<br>Direcci\u00f3n Provincial de Vivienda y Urbanismo : $ 609.575.390 (contratistas $475.111.010 y municipios\/comunas $ 134.464.380).<\/p>\n","protected":false},"excerpt":{"rendered":"<p>La gesti\u00f3n del gobernador Maximiliano Pullaro puso al d\u00eda la deuda que en algunos casos llegaba a un a\u00f1o. \u201cPese al contexto dif\u00edcil, con los esfuerzos que hemos hecho, con transparencia y ordenando el ministerio, pudimos cumplir con las obligaciones que hab\u00edan quedado pendientes y sostener la obra p\u00fablica\u201d, destac\u00f3 el ministro Lisandro Enrico.<\/p>\n","protected":false},"author":1,"featured_media":41778,"comment_status":"open","ping_status":"open","sticky":false,"template":"","format":"image","meta":{"_jetpack_memberships_contains_paid_content":false,"footnotes":"","jetpack_publicize_message":"","jetpack_publicize_feature_enabled":true,"jetpack_social_post_already_shared":true,"jetpack_social_options":{"image_generator_settings":{"template":"highway","default_image_id":0,"enabled":false},"version":2}},"categories":[8,1,2,7,3],"tags":[5016,487,100,10196,1390,8777,8677,8640,10319],"class_list":["post-41777","post","type-post","status-publish","format-image","has-post-thumbnail","hentry","category-deliberando","category-diario-armstrong","category-locales","category-politica","category-region","tag-armstrong-y-region","tag-comunas","tag-con","tag-deudas","tag-empresas","tag-lic-graciela-de-la-casa","tag-municipios-2","tag-provincia-2","tag-saldo-2","post_format-post-format-image"],"jetpack_publicize_connections":[],"jetpack_featured_media_url":"https:\/\/armstrongyregion.com.ar\/diario\/wp-content\/uploads\/2024\/02\/PCIA.SALDO_.DEUDAS-A-.jpg","jetpack_shortlink":"https:\/\/wp.me\/p62QDO-aRP","jetpack_sharing_enabled":true,"amp_enabled":true,"_links":{"self":[{"href":"https:\/\/armstrongyregion.com.ar\/diario\/wp-json\/wp\/v2\/posts\/41777","targetHints":{"allow":["GET"]}}],"collection":[{"href":"https:\/\/armstrongyregion.com.ar\/diario\/wp-json\/wp\/v2\/posts"}],"about":[{"href":"https:\/\/armstrongyregion.com.ar\/diario\/wp-json\/wp\/v2\/types\/post"}],"author":[{"embeddable":true,"href":"https:\/\/armstrongyregion.com.ar\/diario\/wp-json\/wp\/v2\/users\/1"}],"replies":[{"embeddable":true,"href":"https:\/\/armstrongyregion.com.ar\/diario\/wp-json\/wp\/v2\/comments?post=41777"}],"version-history":[{"count":2,"href":"https:\/\/armstrongyregion.com.ar\/diario\/wp-json\/wp\/v2\/posts\/41777\/revisions"}],"predecessor-version":[{"id":41780,"href":"https:\/\/armstrongyregion.com.ar\/diario\/wp-json\/wp\/v2\/posts\/41777\/revisions\/41780"}],"wp:featuredmedia":[{"embeddable":true,"href":"https:\/\/armstrongyregion.com.ar\/diario\/wp-json\/wp\/v2\/media\/41778"}],"wp:attachment":[{"href":"https:\/\/armstrongyregion.com.ar\/diario\/wp-json\/wp\/v2\/media?parent=41777"}],"wp:term":[{"taxonomy":"category","embeddable":true,"href":"https:\/\/armstrongyregion.com.ar\/diario\/wp-json\/wp\/v2\/categories?post=41777"},{"taxonomy":"post_tag","embeddable":true,"href":"https:\/\/armstrongyregion.com.ar\/diario\/wp-json\/wp\/v2\/tags?post=41777"}],"curies":[{"name":"wp","href":"https:\/\/api.w.org\/{rel}","templated":true}]}}