{"id":41768,"date":"2024-02-16T23:33:47","date_gmt":"2024-02-16T23:33:47","guid":{"rendered":"https:\/\/armstrongyregion.com.ar\/diario\/?p=41768"},"modified":"2024-02-16T23:33:49","modified_gmt":"2024-02-16T23:33:49","slug":"provincia-firmo-convenios-con-localidades-del-departamento-iriondo","status":"publish","type":"post","link":"https:\/\/armstrongyregion.com.ar\/diario\/provincia-firmo-convenios-con-localidades-del-departamento-iriondo\/","title":{"rendered":"Provincia firm\u00f3 convenios con localidades del departamento Iriondo."},"content":{"rendered":"\n<figure class=\"wp-block-image size-full\"><a href=\"http:\/\/armstrongyregion.com.ar\/diario\/wp-content\/uploads\/2024\/02\/dto-iriondo.jpg\"><img loading=\"lazy\" decoding=\"async\" width=\"570\" height=\"320\" src=\"http:\/\/armstrongyregion.com.ar\/diario\/wp-content\/uploads\/2024\/02\/dto-iriondo.jpg\" alt=\"\" class=\"wp-image-41769\" srcset=\"https:\/\/armstrongyregion.com.ar\/diario\/wp-content\/uploads\/2024\/02\/dto-iriondo.jpg 570w, https:\/\/armstrongyregion.com.ar\/diario\/wp-content\/uploads\/2024\/02\/dto-iriondo-300x168.jpg 300w\" sizes=\"auto, (max-width: 570px) 100vw, 570px\" \/><\/a><\/figure>\n\n\n\n<h2 class=\"wp-block-heading\">Se rubricaron acuerdos por el programa \u201cProtege Tu Casa\u201d y para el cuidado de inmuebles de clubes de barrio y vecinales. Incluye a las comunas de Bustinza, Carrizales, Clason, Correa, Oliveros, Pueblo Andino, Salto Grande, Serodino y Villa Elo\u00edsa.<\/h2>\n\n\n\n<figure class=\"wp-block-table\"><table><tbody><tr><td>El Gobierno de la provincia de Santa Fe, a trav\u00e9s del Ministerio de Gobierno e Innovaci\u00f3n P\u00fablica, llev\u00f3 a cabo la firma de convenios con diferentes localidades del departamento Iriondo a los fines de implementar el programa \u201cProteg\u00e9 tu casa\u201d y resguardar inmuebles de clubes de barrio y vecinales.La firma de convenios se llev\u00f3 a cabo con las comunas de Bustinza, Carrizales, Clason, Correa, Oliveros, Pueblo Andino, Salto Grande, Serodino y Villa Elo\u00edsa. La actividad fue encabezada por el secretario de Gesti\u00f3n de Registros Provinciales, Mat\u00edas Figueroa Escauriza; y el subsecretario de Inspecci\u00f3n General de Personas Jur\u00eddicas (IGPJ), Federico Cutruneo.En la oportunidad, Figueroa Escauriza detall\u00f3 que el programa \u201c\u2018Proteg\u00e9 tu casa\u2019 es para implementar entre provincia y gobiernos locales la afectaci\u00f3n de familia, lo que antes era el bien de familia. Tambi\u00e9n firmamos un convenio muy importante para capacitar a las diferentes asociaciones civiles, ya sean clubes de barrio o vecinales en cada localidad\u201d.\u201cComo nos pidi\u00f3 el gobernador Maximiliano Pullaro y el ministro de Gobierno, Fabi\u00e1n Bastia, el objetivo es descentralizar todos los programas para que los tr\u00e1mites del Estado sean lo menos burocr\u00e1ticos posible\u201d, finaliz\u00f3 el secretario de Gesti\u00f3n de Registros Provinciales.Por su parte, Cutruneo explic\u00f3 que \u201ca trav\u00e9s de la IGPJ y el Registro de la Propiedad Inmueble se estableci\u00f3 un tr\u00e1mite obligatorio para las instituciones intermedias que quieran vender alguna propiedad de la entidad. Esto se debe a que se detectaron maniobras de este tipo, que actualmente est\u00e1n siendo investigadas por la Justicia. Por eso y con el objetivo de descentralizar los tr\u00e1mites, estamos capacitando las asociaciones civiles\u201d.En la firma de convenios estuvo presente el senador del departamento Iriondo, Hugo Rasetto; y los presidentes comunales de Villa Eloisa, Mauricio Dante Tartaglini; de Serodino, Marilina Edith Ascani; de Pueblo Andino, Leonardo Tempesta; de Clason, Leonel Gast\u00f3n Werkman; de Carrizales, Oscar Alberto Cattaneo; de Bustinza, Fabi\u00e1n Alberto Ballori; de Correa, Nahuel Cejas; de Oliveros, Mart\u00edn Daniel Calori; y de Salto Grande, Nerea Ayel\u00e9n Alvarez.<img decoding=\"async\" alt=\"\" src=\"https:\/\/ci3.googleusercontent.com\/meips\/ADKq_NbaCH2ddPx1mazQQQsdWqeiUX2jGcyFBGZvBOaXD9dVdlBdINZ_1ktR8IhfyaQnFuIFVH4-fTxWY3aDaVGlH7GTjF78sFn6hqMKkmi3Twevi2aqfMZOlYyk9WQavSNJgUwTvFF4gTbWaCcdK54=s0-d-e1-ft#https:\/\/www.santafe.gob.ar\/noticias\/recursos\/fotos\/2024\/02\/2024-02-16NID_279742O_2.jpeg\"><strong>Detalles de los programas<\/strong>El programa \u201cProteg\u00e9 tu casa\u201d consiste en el resguardo de la vivienda familiar frente a las adversidades econ\u00f3micas. Esto es la protecci\u00f3n del inmueble como bien de familia; se enmarca en esta pol\u00edtica de Estado que tiene que ver con que cada familia, cada ciudadano, pueda tener su t\u00edtulos, sus protecciones jur\u00eddicas que muchas veces le resulta inaccesible.En tanto, proteger a los clubes de barrio y a las vecinales de estafas inmobiliarias es el principal objetivo de dos disposiciones emitidas por el Gobierno de la Provincia, a trav\u00e9s de la Inspecci\u00f3n General de Personas Jur\u00eddicas (IGPJ) y el Registro de la Propiedad Inmueble, mediante las cuales se establece un tr\u00e1mite obligatorio para las instituciones intermedias que quieran vender alguna propiedad de la entidad. Esto se debe a que se detectaron maniobras de este tipo, que actualmente est\u00e1n siendo investigadas por la Justicia. Por tanto, a modo preventivo, desde el Gobierno provincial se tom\u00f3 esta decisi\u00f3n.&nbsp;<\/td><td>&nbsp;<\/td><\/tr><\/tbody><\/table><\/figure>\n\n\n\n<figure class=\"wp-block-table\"><table><tbody><tr><td>&nbsp;<\/td><td>&nbsp;<\/td><\/tr><\/tbody><\/table><\/figure>\n","protected":false},"excerpt":{"rendered":"<p>Provincia firm\u00f3 convenios con localidades del departamento Iriondo.<\/p>\n","protected":false},"author":1,"featured_media":41769,"comment_status":"open","ping_status":"open","sticky":false,"template":"","format":"image","meta":{"_jetpack_memberships_contains_paid_content":false,"footnotes":"","jetpack_publicize_message":"","jetpack_publicize_feature_enabled":true,"jetpack_social_post_already_shared":true,"jetpack_social_options":{"image_generator_settings":{"template":"highway","default_image_id":0,"enabled":false},"version":2}},"categories":[8,1,2,7,3],"tags":[100,1081,872,10318,8605,8777,1302,8640],"class_list":["post-41768","post","type-post","status-publish","format-image","has-post-thumbnail","hentry","category-deliberando","category-diario-armstrong","category-locales","category-politica","category-region","tag-con","tag-convenio","tag-departamento","tag-firno","tag-iriondo-2","tag-lic-graciela-de-la-casa","tag-localidades","tag-provincia-2","post_format-post-format-image"],"jetpack_publicize_connections":[],"jetpack_featured_media_url":"https:\/\/armstrongyregion.com.ar\/diario\/wp-content\/uploads\/2024\/02\/dto-iriondo.jpg","jetpack_shortlink":"https:\/\/wp.me\/p62QDO-aRG","jetpack_sharing_enabled":true,"amp_enabled":true,"_links":{"self":[{"href":"https:\/\/armstrongyregion.com.ar\/diario\/wp-json\/wp\/v2\/posts\/41768","targetHints":{"allow":["GET"]}}],"collection":[{"href":"https:\/\/armstrongyregion.com.ar\/diario\/wp-json\/wp\/v2\/posts"}],"about":[{"href":"https:\/\/armstrongyregion.com.ar\/diario\/wp-json\/wp\/v2\/types\/post"}],"author":[{"embeddable":true,"href":"https:\/\/armstrongyregion.com.ar\/diario\/wp-json\/wp\/v2\/users\/1"}],"replies":[{"embeddable":true,"href":"https:\/\/armstrongyregion.com.ar\/diario\/wp-json\/wp\/v2\/comments?post=41768"}],"version-history":[{"count":2,"href":"https:\/\/armstrongyregion.com.ar\/diario\/wp-json\/wp\/v2\/posts\/41768\/revisions"}],"predecessor-version":[{"id":41771,"href":"https:\/\/armstrongyregion.com.ar\/diario\/wp-json\/wp\/v2\/posts\/41768\/revisions\/41771"}],"wp:featuredmedia":[{"embeddable":true,"href":"https:\/\/armstrongyregion.com.ar\/diario\/wp-json\/wp\/v2\/media\/41769"}],"wp:attachment":[{"href":"https:\/\/armstrongyregion.com.ar\/diario\/wp-json\/wp\/v2\/media?parent=41768"}],"wp:term":[{"taxonomy":"category","embeddable":true,"href":"https:\/\/armstrongyregion.com.ar\/diario\/wp-json\/wp\/v2\/categories?post=41768"},{"taxonomy":"post_tag","embeddable":true,"href":"https:\/\/armstrongyregion.com.ar\/diario\/wp-json\/wp\/v2\/tags?post=41768"}],"curies":[{"name":"wp","href":"https:\/\/api.w.org\/{rel}","templated":true}]}}