{"id":41758,"date":"2024-02-16T02:25:22","date_gmt":"2024-02-16T02:25:22","guid":{"rendered":"https:\/\/armstrongyregion.com.ar\/diario\/?p=41758"},"modified":"2024-02-16T02:25:25","modified_gmt":"2024-02-16T02:25:25","slug":"mas-proyectos-por-el-medio-ambiente","status":"publish","type":"post","link":"https:\/\/armstrongyregion.com.ar\/diario\/mas-proyectos-por-el-medio-ambiente\/","title":{"rendered":"M\u00e1s proyectos por el medio ambiente."},"content":{"rendered":"\n<figure class=\"wp-block-image size-full\"><a href=\"http:\/\/armstrongyregion.com.ar\/diario\/wp-content\/uploads\/2024\/02\/MEDIO.AMBIENTE-CCIR-15-2-24.jpg\"><img loading=\"lazy\" decoding=\"async\" width=\"675\" height=\"450\" src=\"http:\/\/armstrongyregion.com.ar\/diario\/wp-content\/uploads\/2024\/02\/MEDIO.AMBIENTE-CCIR-15-2-24.jpg\" alt=\"\" class=\"wp-image-41759\" srcset=\"https:\/\/armstrongyregion.com.ar\/diario\/wp-content\/uploads\/2024\/02\/MEDIO.AMBIENTE-CCIR-15-2-24.jpg 675w, https:\/\/armstrongyregion.com.ar\/diario\/wp-content\/uploads\/2024\/02\/MEDIO.AMBIENTE-CCIR-15-2-24-300x200.jpg 300w\" sizes=\"auto, (max-width: 675px) 100vw, 675px\" \/><\/a><\/figure>\n\n\n\n<p>La Municipalidad de Armstrong mediante la Secretar\u00eda de Desarrollo Productivo junto a la C\u00e1mara<br>Rural perteneciente al Centro Comercial Industrial y Rural de Armstrong convocaron a una reuni\u00f3n<br>para planificar actividades a partir del desuso de envases de productos fitosanitarios.<\/p>\n\n\n\n<figure class=\"wp-block-image size-full\"><a href=\"http:\/\/armstrongyregion.com.ar\/diario\/wp-content\/uploads\/2024\/02\/MEDIOAMBIENTE-15-2-24-B.jpg\"><img loading=\"lazy\" decoding=\"async\" width=\"675\" height=\"450\" src=\"http:\/\/armstrongyregion.com.ar\/diario\/wp-content\/uploads\/2024\/02\/MEDIOAMBIENTE-15-2-24-B.jpg\" alt=\"\" class=\"wp-image-41760\" srcset=\"https:\/\/armstrongyregion.com.ar\/diario\/wp-content\/uploads\/2024\/02\/MEDIOAMBIENTE-15-2-24-B.jpg 675w, https:\/\/armstrongyregion.com.ar\/diario\/wp-content\/uploads\/2024\/02\/MEDIOAMBIENTE-15-2-24-B-300x200.jpg 300w\" sizes=\"auto, (max-width: 675px) 100vw, 675px\" \/><\/a><\/figure>\n\n\n\n<p><br>Participaron de la misma representantes de la Asociaci\u00f3n \u201cCampo Limpio\u201d quienes aportaron su<br>experiencia para diagramar una jornada de recolecci\u00f3n de dichos envases para el mes de marzo en<br>la zona rural de nuestro distrito.<br>El motivo de este encuentro fue poder coordinar con todos los distribuidores y aplicadores de<br>productos fitosanitarios la difusi\u00f3n de esta jornada a sus respectivos clientes para lograr la mayor<br>participaci\u00f3n posible.<\/p>\n","protected":false},"excerpt":{"rendered":"<p>M\u00e1s proyectos por el medio ambiente.<\/p>\n","protected":false},"author":1,"featured_media":41759,"comment_status":"open","ping_status":"open","sticky":false,"template":"","format":"image","meta":{"_jetpack_memberships_contains_paid_content":false,"footnotes":"","jetpack_publicize_message":"","jetpack_publicize_feature_enabled":true,"jetpack_social_post_already_shared":true,"jetpack_social_options":{"image_generator_settings":{"template":"highway","default_image_id":0,"enabled":false},"version":2}},"categories":[8,1,2,7,3],"tags":[20,8777,9022,2896,8598,118],"class_list":["post-41758","post","type-post","status-publish","format-image","has-post-thumbnail","hentry","category-deliberando","category-diario-armstrong","category-locales","category-politica","category-region","tag-armstrong","tag-lic-graciela-de-la-casa","tag-mas-2","tag-medioambiente","tag-proyectos-2","tag-sobre","post_format-post-format-image"],"jetpack_publicize_connections":[],"jetpack_featured_media_url":"https:\/\/armstrongyregion.com.ar\/diario\/wp-content\/uploads\/2024\/02\/MEDIO.AMBIENTE-CCIR-15-2-24.jpg","jetpack_shortlink":"https:\/\/wp.me\/p62QDO-aRw","jetpack_sharing_enabled":true,"amp_enabled":true,"_links":{"self":[{"href":"https:\/\/armstrongyregion.com.ar\/diario\/wp-json\/wp\/v2\/posts\/41758","targetHints":{"allow":["GET"]}}],"collection":[{"href":"https:\/\/armstrongyregion.com.ar\/diario\/wp-json\/wp\/v2\/posts"}],"about":[{"href":"https:\/\/armstrongyregion.com.ar\/diario\/wp-json\/wp\/v2\/types\/post"}],"author":[{"embeddable":true,"href":"https:\/\/armstrongyregion.com.ar\/diario\/wp-json\/wp\/v2\/users\/1"}],"replies":[{"embeddable":true,"href":"https:\/\/armstrongyregion.com.ar\/diario\/wp-json\/wp\/v2\/comments?post=41758"}],"version-history":[{"count":2,"href":"https:\/\/armstrongyregion.com.ar\/diario\/wp-json\/wp\/v2\/posts\/41758\/revisions"}],"predecessor-version":[{"id":41762,"href":"https:\/\/armstrongyregion.com.ar\/diario\/wp-json\/wp\/v2\/posts\/41758\/revisions\/41762"}],"wp:featuredmedia":[{"embeddable":true,"href":"https:\/\/armstrongyregion.com.ar\/diario\/wp-json\/wp\/v2\/media\/41759"}],"wp:attachment":[{"href":"https:\/\/armstrongyregion.com.ar\/diario\/wp-json\/wp\/v2\/media?parent=41758"}],"wp:term":[{"taxonomy":"category","embeddable":true,"href":"https:\/\/armstrongyregion.com.ar\/diario\/wp-json\/wp\/v2\/categories?post=41758"},{"taxonomy":"post_tag","embeddable":true,"href":"https:\/\/armstrongyregion.com.ar\/diario\/wp-json\/wp\/v2\/tags?post=41758"}],"curies":[{"name":"wp","href":"https:\/\/api.w.org\/{rel}","templated":true}]}}