{"id":41754,"date":"2024-02-16T02:20:58","date_gmt":"2024-02-16T02:20:58","guid":{"rendered":"https:\/\/armstrongyregion.com.ar\/diario\/?p=41754"},"modified":"2024-02-16T02:53:00","modified_gmt":"2024-02-16T02:53:00","slug":"pullaro-si-nos-dieran-lo-que-aportamos-nos-hacemos-cargo-completamente-del-transporte","status":"publish","type":"post","link":"https:\/\/armstrongyregion.com.ar\/diario\/pullaro-si-nos-dieran-lo-que-aportamos-nos-hacemos-cargo-completamente-del-transporte\/","title":{"rendered":"Pullaro: \u201cSi nos dieran lo que aportamos, nos hacemos cargo completamente del transporte."},"content":{"rendered":"\n<figure class=\"wp-block-image size-full\"><a href=\"http:\/\/armstrongyregion.com.ar\/diario\/wp-content\/uploads\/2024\/02\/FOTO-PULLARO-15-2-24.jpg\"><img loading=\"lazy\" decoding=\"async\" width=\"570\" height=\"320\" src=\"http:\/\/armstrongyregion.com.ar\/diario\/wp-content\/uploads\/2024\/02\/FOTO-PULLARO-15-2-24.jpg\" alt=\"\" class=\"wp-image-41755\" srcset=\"https:\/\/armstrongyregion.com.ar\/diario\/wp-content\/uploads\/2024\/02\/FOTO-PULLARO-15-2-24.jpg 570w, https:\/\/armstrongyregion.com.ar\/diario\/wp-content\/uploads\/2024\/02\/FOTO-PULLARO-15-2-24-300x168.jpg 300w\" sizes=\"auto, (max-width: 570px) 100vw, 570px\" \/><\/a><\/figure>\n\n\n\n<h2 class=\"wp-block-heading\">Luego del acto de relanzamiento de la Agencia Santa Fe Global, el Gobernador se refiri\u00f3 a la eliminaci\u00f3n del Fondo Compensador al Transporte P\u00fablico del Interior por parte del gobierno Nacional. \u201cNo estamos mendigando, la provincia de Santa Fe aporta casi 3 veces lo que vuelve en subsidios del transporte\u201d, detall\u00f3.<\/h2>\n\n\n\n<figure class=\"wp-block-embed is-type-video is-provider-youtube wp-block-embed-youtube wp-embed-aspect-16-9 wp-has-aspect-ratio\"><div class=\"wp-block-embed__wrapper\">\n<iframe loading=\"lazy\" title=\"Pullaro: \u201cSi nos dieran lo que aportamos, nos hacemos cargo del transporte. Lic. Graciela De la Casa\" width=\"800\" height=\"450\" src=\"https:\/\/www.youtube.com\/embed\/Or6NOF-Ko38?feature=oembed\" frameborder=\"0\" allow=\"accelerometer; autoplay; clipboard-write; encrypted-media; gyroscope; picture-in-picture; web-share\" allowfullscreen><\/iframe>\n<\/div><\/figure>\n\n\n\n<p>El gobernador Maximiliano Pullaro se refiri\u00f3 esta ma\u00f1ana a la eliminaci\u00f3n del Fondo Compensador al Transporte P\u00fablico del Interior por parte del Gobierno nacional y precis\u00f3 que \u201csi nos dieran todo lo que los santafesinos aportamos por impuesto a los combustibles, nos har\u00edamos cargo completamente del transporte en la provincia\u201d.<\/p>\n\n\n\n<p>El gobernador resalt\u00f3 que \u201cla provincia aporta 3.900 millones de pesos por mes\u201d en concepto de impuesto a los combustibles, de los cuales \u201csolamente volv\u00edan 1.500 millones: el resto quedaba en el AMBA\u201d. Fue all\u00ed cuando Maximiliano Pullaro remarc\u00f3 que \u201csi nos dieran lo que aportamos, o se eliminara ese impuesto y lo pudi\u00e9ramos poner nosotros en el sistema, el transporte en la provincia de Santa Fe saldr\u00eda 0 pesos\u201d, ejemplific\u00f3, pero sentenci\u00f3 que \u201cno funciona as\u00ed un sistema, en el que vos te qued\u00e1s con todo y repart\u00eds nada. No estamos mendigando, la provincia de Santa Fe aporta casi 3 veces lo que vuelve en subsidios del transporte\u201d.<\/p>\n\n\n\n<p>Para el gobernador \u201ces necesario poner este tema arriba de la mesa, porque nosotros no podemos aumentar los valores a los que se ir\u00eda el transporte; pero para eso tenemos que tener colaboraci\u00f3n con Naci\u00f3n o que nos den el impuesto que est\u00e1n cobrando con el aporte que hace Santa Fe. Con eso nos hacemos cargo completamente del transporte en la provincia\u201d, reiter\u00f3 el mandatario santafesino.<\/p>\n\n\n\n<p>Por \u00faltimo, Pullaro reiter\u00f3 que \u201cnunca tenemos que dejar de dialogar. Todas las posiciones que tuvo la provincia de Santa Fe fueron fundadas, con n\u00fameros en la mano, y en defensa de nuestra santafesinidad, de nuestro sector productivo, porque entendemos que un ajuste no lo pueden pagar ni la industria, ni el campo, porque eso golpear\u00eda directamente al empleo\u201d.<\/p>\n","protected":false},"excerpt":{"rendered":"<p>Pullaro: \u201cSi nos dieran lo que aportamos, nos hacemos cargo completamente del transporte.<\/p>\n","protected":false},"author":1,"featured_media":41755,"comment_status":"open","ping_status":"open","sticky":false,"template":"","format":"image","meta":{"_jetpack_memberships_contains_paid_content":false,"footnotes":"","jetpack_publicize_message":"","jetpack_publicize_feature_enabled":true,"jetpack_social_post_already_shared":true,"jetpack_social_options":{"image_generator_settings":{"template":"highway","default_image_id":0,"enabled":false},"version":2}},"categories":[8,1,2,7,3],"tags":[10313,1719,53,8777,1109,1044,2846,108,8666,1090],"class_list":["post-41754","post","type-post","status-publish","format-image","has-post-thumbnail","hentry","category-deliberando","category-diario-armstrong","category-locales","category-politica","category-region","tag-aportamos","tag-cargo","tag-del","tag-lic-graciela-de-la-casa","tag-lo","tag-nos","tag-pullaro","tag-que","tag-si-2","tag-transporte","post_format-post-format-image"],"jetpack_publicize_connections":[],"jetpack_featured_media_url":"https:\/\/armstrongyregion.com.ar\/diario\/wp-content\/uploads\/2024\/02\/FOTO-PULLARO-15-2-24.jpg","jetpack_shortlink":"https:\/\/wp.me\/p62QDO-aRs","jetpack_sharing_enabled":true,"amp_enabled":true,"_links":{"self":[{"href":"https:\/\/armstrongyregion.com.ar\/diario\/wp-json\/wp\/v2\/posts\/41754","targetHints":{"allow":["GET"]}}],"collection":[{"href":"https:\/\/armstrongyregion.com.ar\/diario\/wp-json\/wp\/v2\/posts"}],"about":[{"href":"https:\/\/armstrongyregion.com.ar\/diario\/wp-json\/wp\/v2\/types\/post"}],"author":[{"embeddable":true,"href":"https:\/\/armstrongyregion.com.ar\/diario\/wp-json\/wp\/v2\/users\/1"}],"replies":[{"embeddable":true,"href":"https:\/\/armstrongyregion.com.ar\/diario\/wp-json\/wp\/v2\/comments?post=41754"}],"version-history":[{"count":2,"href":"https:\/\/armstrongyregion.com.ar\/diario\/wp-json\/wp\/v2\/posts\/41754\/revisions"}],"predecessor-version":[{"id":41763,"href":"https:\/\/armstrongyregion.com.ar\/diario\/wp-json\/wp\/v2\/posts\/41754\/revisions\/41763"}],"wp:featuredmedia":[{"embeddable":true,"href":"https:\/\/armstrongyregion.com.ar\/diario\/wp-json\/wp\/v2\/media\/41755"}],"wp:attachment":[{"href":"https:\/\/armstrongyregion.com.ar\/diario\/wp-json\/wp\/v2\/media?parent=41754"}],"wp:term":[{"taxonomy":"category","embeddable":true,"href":"https:\/\/armstrongyregion.com.ar\/diario\/wp-json\/wp\/v2\/categories?post=41754"},{"taxonomy":"post_tag","embeddable":true,"href":"https:\/\/armstrongyregion.com.ar\/diario\/wp-json\/wp\/v2\/tags?post=41754"}],"curies":[{"name":"wp","href":"https:\/\/api.w.org\/{rel}","templated":true}]}}