{"id":41740,"date":"2024-02-14T19:54:45","date_gmt":"2024-02-14T19:54:45","guid":{"rendered":"https:\/\/armstrongyregion.com.ar\/diario\/?p=41740"},"modified":"2024-02-14T19:54:47","modified_gmt":"2024-02-14T19:54:47","slug":"san-valentin-origen-del-dia-de-los-enamorados-2","status":"publish","type":"post","link":"https:\/\/armstrongyregion.com.ar\/diario\/san-valentin-origen-del-dia-de-los-enamorados-2\/","title":{"rendered":"<a href=\"https:\/\/armstrongyregion.com.ar\/diario\/san-valentin-origen-del-dia-de-los-enamorados\/\">San Valent\u00edn, origen del d\u00eda de los enamorados.<\/a>"},"content":{"rendered":"\n<figure class=\"wp-block-image size-full\"><a href=\"http:\/\/armstrongyregion.com.ar\/diario\/wp-content\/uploads\/2024\/02\/san-valentin-24-.jpg\"><img loading=\"lazy\" decoding=\"async\" width=\"275\" height=\"183\" src=\"http:\/\/armstrongyregion.com.ar\/diario\/wp-content\/uploads\/2024\/02\/san-valentin-24-.jpg\" alt=\"\" class=\"wp-image-41741\"\/><\/a><\/figure>\n\n\n\n<p>La historia de San Valent\u00edn que dio origen al festejo del D\u00eda de los Enamorados.<br>Valent\u00edn era un sacerdote que, hacia el siglo III, desafi\u00f3 al emperador Claudio II, quien decidi\u00f3 prohibir la celebraci\u00f3n de matrimonios para los j\u00f3venes. El religioso lo consider\u00f3 injusto y los casaba en secreto.<br>Los enamorados del mundo celebran su d\u00eda el 14 de Febrero.<br>Una investigaci\u00f3n revel\u00f3 cu\u00e1les son las claves para conquistar citas en internet.<br>El d\u00eda de san Valent\u00edn es una celebraci\u00f3n tradicional de pa\u00edses anglosajones que se ha ido implantando en otros pa\u00edses a lo largo del siglo XX, principalmente en la que las parejas de enamorados expresan su amor y cari\u00f1o. Se celebra el 14 de febrero, onom\u00e1stico de san Valent\u00edn. Su origen se remonta a la \u00e9poca del Imperio Romano.<br>San Valent\u00edn era un sacerdote que, hacia el siglo III, ejerc\u00eda en Roma. Gobernaba el emperador Claudio II, quien decidi\u00f3 prohibir la celebraci\u00f3n de matrimonios para los j\u00f3venes, porque en su opini\u00f3n los solteros sin familia eran mejores soldados, ya que ten\u00edan menos ataduras.<br>El sacerdote consider\u00f3 que el decreto era injusto y desafi\u00f3 al emperador. Celebraba en secreto matrimonios (de ah\u00ed se ha popularizado que san Valent\u00edn sea el patr\u00f3n de los enamorados). El emperador lo encarcel\u00f3. Un oficial quiso ponerlo a prueba. Lo ret\u00f3 a que devolviese la vista a su hija Julia, que hab\u00eda nacido ciega. Valent\u00edn acept\u00f3 y le devolvi\u00f3 la vista.<br>Valent\u00edn sigui\u00f3 preso lo ejecutaron el 14 de febrero del a\u00f1o 270. La joven Julia, agradecida al santo, plant\u00f3 un almendro de flores rosadas junto a su tumba. De ah\u00ed que el almendro sea s\u00edmbolo de amor y amistad duraderos.<br>Pero lo de hacer regalos como flores o bombones en San Valent\u00edn es algo del siglo XX. Es por eso que se considera a San Valent\u00edn el patr\u00f3n de los enamorados.<\/p>\n\n\n\n<p>Despu\u00e9s de que el papa Gelasio I designara el 14 de febrero de 494 el primer d\u00eda oficial de San Valent\u00edn, la festividad fue incluida en el calendario lit\u00fargico tradicional y fue celebrada por la Iglesia cat\u00f3lica en los siguientes 15 siglos.<\/p>\n\n\n\n<p>Pero en 1969, bajo el pontificado de Pablo IV y despues del Concilio Vaticano II, fue eliminado del calendario. As\u00ed pas\u00f3 a ser una fecha con santo pero sin celebraci\u00f3n. Pero ya era tarde. El festejo hab\u00eda echado ra\u00edces en varias sociedades.<\/p>\n\n\n\n<p>En el siglo XX se convirti\u00f3 en un gran negocio, cuando la revoluci\u00f3n industrial permitio la producci\u00f3n en cadena de tarjetas de felicitaci\u00f3n, uno de los regalos m\u00e1s frecuentes del d\u00eda de San Valentin.<\/p>\n\n\n\n<p>Los estadounidenses, por ejemplo, se gastan en tarjetas y otros detalles para ese d\u00eda m\u00e1s de 18.900 millones de d\u00f3lares, seg\u00fan la Federaci\u00f3n Nacional de Comercio de EE.UU.<\/p>\n","protected":false},"excerpt":{"rendered":"<p>San Valent\u00edn, origen del d\u00eda de los enamorados.<\/p>\n","protected":false},"author":1,"featured_media":41741,"comment_status":"open","ping_status":"open","sticky":false,"template":"","format":"image","meta":{"_jetpack_memberships_contains_paid_content":false,"footnotes":"","jetpack_publicize_message":"","jetpack_publicize_feature_enabled":true,"jetpack_social_post_already_shared":true,"jetpack_social_options":{"image_generator_settings":{"template":"highway","default_image_id":0,"enabled":false},"version":2}},"categories":[6,8,1,2,3],"tags":[10020,19,793,8777,10310],"class_list":["post-41740","post","type-post","status-publish","format-image","has-post-thumbnail","hentry","category-cultura-entretenimiento","category-deliberando","category-diario-armstrong","category-locales","category-region","tag-armstrong-region","tag-de","tag-dia","tag-lic-graciela-de-la-casa","tag-san-valentin-2","post_format-post-format-image"],"jetpack_publicize_connections":[],"jetpack_featured_media_url":"https:\/\/armstrongyregion.com.ar\/diario\/wp-content\/uploads\/2024\/02\/san-valentin-24-.jpg","jetpack_shortlink":"https:\/\/wp.me\/p62QDO-aRe","jetpack_sharing_enabled":true,"amp_enabled":true,"_links":{"self":[{"href":"https:\/\/armstrongyregion.com.ar\/diario\/wp-json\/wp\/v2\/posts\/41740","targetHints":{"allow":["GET"]}}],"collection":[{"href":"https:\/\/armstrongyregion.com.ar\/diario\/wp-json\/wp\/v2\/posts"}],"about":[{"href":"https:\/\/armstrongyregion.com.ar\/diario\/wp-json\/wp\/v2\/types\/post"}],"author":[{"embeddable":true,"href":"https:\/\/armstrongyregion.com.ar\/diario\/wp-json\/wp\/v2\/users\/1"}],"replies":[{"embeddable":true,"href":"https:\/\/armstrongyregion.com.ar\/diario\/wp-json\/wp\/v2\/comments?post=41740"}],"version-history":[{"count":1,"href":"https:\/\/armstrongyregion.com.ar\/diario\/wp-json\/wp\/v2\/posts\/41740\/revisions"}],"predecessor-version":[{"id":41742,"href":"https:\/\/armstrongyregion.com.ar\/diario\/wp-json\/wp\/v2\/posts\/41740\/revisions\/41742"}],"wp:featuredmedia":[{"embeddable":true,"href":"https:\/\/armstrongyregion.com.ar\/diario\/wp-json\/wp\/v2\/media\/41741"}],"wp:attachment":[{"href":"https:\/\/armstrongyregion.com.ar\/diario\/wp-json\/wp\/v2\/media?parent=41740"}],"wp:term":[{"taxonomy":"category","embeddable":true,"href":"https:\/\/armstrongyregion.com.ar\/diario\/wp-json\/wp\/v2\/categories?post=41740"},{"taxonomy":"post_tag","embeddable":true,"href":"https:\/\/armstrongyregion.com.ar\/diario\/wp-json\/wp\/v2\/tags?post=41740"}],"curies":[{"name":"wp","href":"https:\/\/api.w.org\/{rel}","templated":true}]}}