{"id":41720,"date":"2024-02-14T03:24:40","date_gmt":"2024-02-14T03:24:40","guid":{"rendered":"https:\/\/armstrongyregion.com.ar\/diario\/?p=41720"},"modified":"2024-02-14T03:24:43","modified_gmt":"2024-02-14T03:24:43","slug":"correa-fiesta-provincial-de-la-pizza","status":"publish","type":"post","link":"https:\/\/armstrongyregion.com.ar\/diario\/correa-fiesta-provincial-de-la-pizza\/","title":{"rendered":"Correa. Fiesta Provincial de la Pizza."},"content":{"rendered":"\n<figure class=\"wp-block-image size-full\"><a href=\"http:\/\/armstrongyregion.com.ar\/diario\/wp-content\/uploads\/2024\/02\/los-lirios-correa-.jpg\"><img loading=\"lazy\" decoding=\"async\" width=\"681\" height=\"692\" src=\"http:\/\/armstrongyregion.com.ar\/diario\/wp-content\/uploads\/2024\/02\/los-lirios-correa-.jpg\" alt=\"\" class=\"wp-image-41721\" srcset=\"https:\/\/armstrongyregion.com.ar\/diario\/wp-content\/uploads\/2024\/02\/los-lirios-correa-.jpg 681w, https:\/\/armstrongyregion.com.ar\/diario\/wp-content\/uploads\/2024\/02\/los-lirios-correa--295x300.jpg 295w\" sizes=\"auto, (max-width: 681px) 100vw, 681px\" \/><\/a><\/figure>\n\n\n\n<p><strong>El pr\u00f3ximo s\u00e1bado 17 de febrero en Correa, Santa Fe; se realizar\u00e1 el primer concurso de maestros pizzeros, eligiendo la mejor pizza de la provincia.<\/strong><\/p>\n\n\n\n<p>Gran show de Los Lirios, m\u00e1s m\u00fasica en vivo: Dela Peluca, Los Colombianos, Compa\u00f1\u00eda Alma Argentina, Expresarte, Cristian Heredia y Sabor Almendra, Odisea, Pe\u00f1a El Amanecer y ballet Huellas Criollas.\u00a0<\/p>\n\n\n\n<p>No podr\u00e1s para de re\u00edr con  con el humor del \u00abGringo\u00bb Fernando De Boever.\u00a0<\/p>\n\n\n\n<p>\u00a0Anticipadas en venta en\u00a0<a rel=\"noreferrer noopener\" href=\"http:\/\/planetaentrada.com\/\" target=\"_blank\">planetaentrada.com<\/a>\u00a0<\/p>\n\n\n\n<p>\u00a0link en la bio y en historias destacadas).\u00a0<\/p>\n\n\n\n<p>&nbsp;Organiza @clubatleticocorrea&nbsp;<\/p>\n\n\n\n<p>&nbsp;Auspician Comuna de Correa, C\u00e1mara de Diputadas y Diputados de Santa Fe presidenta Clara Garc\u00eda, Senador Hugo Rasetto y Ministerio de Cultura de la provincia de Santa Fe.<\/p>\n","protected":false},"excerpt":{"rendered":"<p>Correa. Fiesta Provincial de la Pizza.<\/p>\n","protected":false},"author":1,"featured_media":41721,"comment_status":"open","ping_status":"open","sticky":false,"template":"","format":"image","meta":{"_jetpack_memberships_contains_paid_content":false,"footnotes":"","jetpack_publicize_message":"","jetpack_publicize_feature_enabled":true,"jetpack_social_post_already_shared":true,"jetpack_social_options":{"image_generator_settings":{"template":"highway","default_image_id":0,"enabled":false},"version":2}},"categories":[6,8,1,2,7,3],"tags":[303,19,620,31,8777,10306,928],"class_list":["post-41720","post","type-post","status-publish","format-image","has-post-thumbnail","hentry","category-cultura-entretenimiento","category-deliberando","category-diario-armstrong","category-locales","category-politica","category-region","tag-correa","tag-de","tag-fiesta","tag-la","tag-lic-graciela-de-la-casa","tag-pizza","tag-provincial","post_format-post-format-image"],"jetpack_publicize_connections":[],"jetpack_featured_media_url":"https:\/\/armstrongyregion.com.ar\/diario\/wp-content\/uploads\/2024\/02\/los-lirios-correa-.jpg","jetpack_shortlink":"https:\/\/wp.me\/p62QDO-aQU","jetpack_sharing_enabled":true,"amp_enabled":true,"_links":{"self":[{"href":"https:\/\/armstrongyregion.com.ar\/diario\/wp-json\/wp\/v2\/posts\/41720","targetHints":{"allow":["GET"]}}],"collection":[{"href":"https:\/\/armstrongyregion.com.ar\/diario\/wp-json\/wp\/v2\/posts"}],"about":[{"href":"https:\/\/armstrongyregion.com.ar\/diario\/wp-json\/wp\/v2\/types\/post"}],"author":[{"embeddable":true,"href":"https:\/\/armstrongyregion.com.ar\/diario\/wp-json\/wp\/v2\/users\/1"}],"replies":[{"embeddable":true,"href":"https:\/\/armstrongyregion.com.ar\/diario\/wp-json\/wp\/v2\/comments?post=41720"}],"version-history":[{"count":2,"href":"https:\/\/armstrongyregion.com.ar\/diario\/wp-json\/wp\/v2\/posts\/41720\/revisions"}],"predecessor-version":[{"id":41723,"href":"https:\/\/armstrongyregion.com.ar\/diario\/wp-json\/wp\/v2\/posts\/41720\/revisions\/41723"}],"wp:featuredmedia":[{"embeddable":true,"href":"https:\/\/armstrongyregion.com.ar\/diario\/wp-json\/wp\/v2\/media\/41721"}],"wp:attachment":[{"href":"https:\/\/armstrongyregion.com.ar\/diario\/wp-json\/wp\/v2\/media?parent=41720"}],"wp:term":[{"taxonomy":"category","embeddable":true,"href":"https:\/\/armstrongyregion.com.ar\/diario\/wp-json\/wp\/v2\/categories?post=41720"},{"taxonomy":"post_tag","embeddable":true,"href":"https:\/\/armstrongyregion.com.ar\/diario\/wp-json\/wp\/v2\/tags?post=41720"}],"curies":[{"name":"wp","href":"https:\/\/api.w.org\/{rel}","templated":true}]}}