{"id":41710,"date":"2024-02-12T23:37:09","date_gmt":"2024-02-12T23:37:09","guid":{"rendered":"https:\/\/armstrongyregion.com.ar\/diario\/?p=41710"},"modified":"2024-02-12T23:37:11","modified_gmt":"2024-02-12T23:37:11","slug":"consejo-federal-de-educacion-goity-llevo-la-agenda-de-santa-fe-y-pidio-que-nacion-no-recorte-fondos","status":"publish","type":"post","link":"https:\/\/armstrongyregion.com.ar\/diario\/consejo-federal-de-educacion-goity-llevo-la-agenda-de-santa-fe-y-pidio-que-nacion-no-recorte-fondos\/","title":{"rendered":"Consejo Federal de Educaci\u00f3n: Goity llev\u00f3 la agenda de Santa Fe y pidi\u00f3 que Naci\u00f3n no recorte fondos."},"content":{"rendered":"\n<figure class=\"wp-block-image size-full\"><a href=\"http:\/\/armstrongyregion.com.ar\/diario\/wp-content\/uploads\/2024\/02\/goity-docentes-.jpg\"><img loading=\"lazy\" decoding=\"async\" width=\"570\" height=\"320\" src=\"http:\/\/armstrongyregion.com.ar\/diario\/wp-content\/uploads\/2024\/02\/goity-docentes-.jpg\" alt=\"\" class=\"wp-image-41711\" srcset=\"https:\/\/armstrongyregion.com.ar\/diario\/wp-content\/uploads\/2024\/02\/goity-docentes-.jpg 570w, https:\/\/armstrongyregion.com.ar\/diario\/wp-content\/uploads\/2024\/02\/goity-docentes--300x168.jpg 300w\" sizes=\"auto, (max-width: 570px) 100vw, 570px\" \/><\/a><\/figure>\n\n\n\n<h2 class=\"wp-block-heading\"><em>El ministro de Educaci\u00f3n destac\u00f3, frente a sus pares de las distintas provincias, los desaf\u00edos en torno a la alfabetizaci\u00f3n y la necesidad de sostener los recursos educativos que la Naci\u00f3n destina a todas las jurisdicciones provinciales.<\/em><\/h2>\n\n\n\n<p>El ministro de Educaci\u00f3n, Jos\u00e9 Goity, particip\u00f3 de la 129\u00aa Asamblea del Consejo Federal de Educaci\u00f3n (CFE), que se realiz\u00f3 en la Ciudad Aut\u00f3noma de Buenos Aires. Durante el encuentro se abordaron los desaf\u00edos en torno a los procesos de alfabetizaci\u00f3n en Argentina y los recursos educativos que la Naci\u00f3n destina a las provincias, en especial, a Santa Fe.&nbsp;<br>A lo largo de la jornada, que se realiz\u00f3 durante los d\u00edas 8 y 9 de febrero -y cont\u00f3 con la presencia tambi\u00e9n de la secretaria de Educaci\u00f3n, Carolina Piedrabuena; la secretaria de Coordinaci\u00f3n y Gesti\u00f3n de Recursos, Mar\u00eda Mart\u00edn; y la subsecretaria de Planificaci\u00f3n y Articulaci\u00f3n Educativa; Mar\u00eda del Huerto Pini-, se analizaron diversos temas, tales como el abordaje de la alfabetizaci\u00f3n en Argentina, la continuidad de los recursos del Fondo Nacional de Incentivo Docente (Fonid) y la necesidad de obras para seguir mejorando la infraestructura educativa.&nbsp;<br>La comitiva provincial plante\u00f3, por su parte, la agenda educativa de Santa Fe y la continuidad del Plan 25, que establece un m\u00ednimo de 25 horas semanales en las escuelas primarias de gesti\u00f3n estatal.<br>Una vez finalizado el encuentro, Goity afirm\u00f3: \u201cSanta Fe trajo al Consejo Federal de Educaci\u00f3n un tema fundamental y central en nuestra pol\u00edtica educativa que es la alfabetizaci\u00f3n\u201d. En ese sentido, valor\u00f3 \u201cla plena coincidencia, tanto con la Secretar\u00eda de Educaci\u00f3n de Naci\u00f3n como con las autoridades provinciales, en la importancia de los programas y consensos en torno a la alfabetizaci\u00f3n, un tema en el que Santa Fe tiene la potencialidad y las condiciones para liderar\u201d.<br>Adem\u00e1s, el ministro tambi\u00e9n plante\u00f3 la necesidad de sostener los recursos educativos que la Naci\u00f3n destina a las provincias, en especial, a Santa Fe. \u201cLos fondos nacionales no deben ser recortados, deben ser sostenidos. Son recursos muy amplios que abarcan desde infraestructura escolar hasta complementos salariales para los docentes. La Naci\u00f3n tiene que garantizar la continuidad de estos fondos, no solo es una cuesti\u00f3n de mantener un compromiso con la educaci\u00f3n, sino tambi\u00e9n de cumplir con las responsabilidades asumidas por el gobierno nacional\u201d, puntualiz\u00f3. Respecto al Fonid, puntualmente, el ministro enfatiz\u00f3: \u201cEs importante sostenerlo, porque no son recursos que est\u00e9n destinados al gobierno provincial, sino a cada uno de los docentes\u201d.<br>Por \u00faltimo, Goity se refiri\u00f3 a la importancia de articular y coordinar las pol\u00edticas educativas entre la Naci\u00f3n y la provincia de Santa Fe. \u201cEs fundamental entablar un di\u00e1logo profundo sobre la agenda educativa. Sin una agenda clara y bien definida, los recursos que destinemos al \u00e1mbito educativo no van a tener sentido. Esto implica discutir la formaci\u00f3n y capacitaci\u00f3n docente, las pol\u00edticas educativas y la implementaci\u00f3n de programas, pero tambi\u00e9n la asignaci\u00f3n de recursos\u201d, concluy\u00f3.<\/p>\n\n\n\n<p><strong>El CFE<\/strong><br>El Consejo Federal de Educaci\u00f3n (CFE) es el organismo que define y coordina la pol\u00edtica educativa nacional con el objetivo de lograr un sistema educativo nacional integral y articulado. Est\u00e1 formado por una Asamblea General, un Comit\u00e9 Ejecutivo y una Secretar\u00eda General. Son miembros del CFE el secretario de Educaci\u00f3n de la Naci\u00f3n (presidente del CFE), las m\u00e1ximas autoridades en materia educativa de las jurisdicciones del pa\u00eds, y tres representantes del Consejo de Universidades.<\/p>\n","protected":false},"excerpt":{"rendered":"<p>Consejo Federal de Educaci\u00f3n: Goity llev\u00f3 la agenda de Santa Fe y pidi\u00f3 que Naci\u00f3n no recorte fondos.<\/p>\n","protected":false},"author":1,"featured_media":41711,"comment_status":"open","ping_status":"open","sticky":false,"template":"","format":"image","meta":{"_jetpack_memberships_contains_paid_content":false,"footnotes":"","jetpack_publicize_message":"","jetpack_publicize_feature_enabled":true,"jetpack_social_post_already_shared":true,"jetpack_social_options":{"image_generator_settings":{"template":"highway","default_image_id":0,"enabled":false},"version":2}},"categories":[8,1,2,3],"tags":[33,2506,19,8618,10089,8777,2577,32],"class_list":["post-41710","post","type-post","status-publish","format-image","has-post-thumbnail","hentry","category-deliberando","category-diario-armstrong","category-locales","category-region","tag-a","tag-agenda","tag-de","tag-educacion-2","tag-goity","tag-lic-graciela-de-la-casa","tag-llevo","tag-nacion","post_format-post-format-image"],"jetpack_publicize_connections":[],"jetpack_featured_media_url":"https:\/\/armstrongyregion.com.ar\/diario\/wp-content\/uploads\/2024\/02\/goity-docentes-.jpg","jetpack_shortlink":"https:\/\/wp.me\/p62QDO-aQK","jetpack_sharing_enabled":true,"amp_enabled":true,"_links":{"self":[{"href":"https:\/\/armstrongyregion.com.ar\/diario\/wp-json\/wp\/v2\/posts\/41710","targetHints":{"allow":["GET"]}}],"collection":[{"href":"https:\/\/armstrongyregion.com.ar\/diario\/wp-json\/wp\/v2\/posts"}],"about":[{"href":"https:\/\/armstrongyregion.com.ar\/diario\/wp-json\/wp\/v2\/types\/post"}],"author":[{"embeddable":true,"href":"https:\/\/armstrongyregion.com.ar\/diario\/wp-json\/wp\/v2\/users\/1"}],"replies":[{"embeddable":true,"href":"https:\/\/armstrongyregion.com.ar\/diario\/wp-json\/wp\/v2\/comments?post=41710"}],"version-history":[{"count":2,"href":"https:\/\/armstrongyregion.com.ar\/diario\/wp-json\/wp\/v2\/posts\/41710\/revisions"}],"predecessor-version":[{"id":41713,"href":"https:\/\/armstrongyregion.com.ar\/diario\/wp-json\/wp\/v2\/posts\/41710\/revisions\/41713"}],"wp:featuredmedia":[{"embeddable":true,"href":"https:\/\/armstrongyregion.com.ar\/diario\/wp-json\/wp\/v2\/media\/41711"}],"wp:attachment":[{"href":"https:\/\/armstrongyregion.com.ar\/diario\/wp-json\/wp\/v2\/media?parent=41710"}],"wp:term":[{"taxonomy":"category","embeddable":true,"href":"https:\/\/armstrongyregion.com.ar\/diario\/wp-json\/wp\/v2\/categories?post=41710"},{"taxonomy":"post_tag","embeddable":true,"href":"https:\/\/armstrongyregion.com.ar\/diario\/wp-json\/wp\/v2\/tags?post=41710"}],"curies":[{"name":"wp","href":"https:\/\/api.w.org\/{rel}","templated":true}]}}