{"id":41706,"date":"2024-02-12T23:33:52","date_gmt":"2024-02-12T23:33:52","guid":{"rendered":"https:\/\/armstrongyregion.com.ar\/diario\/?p=41706"},"modified":"2024-02-12T23:33:54","modified_gmt":"2024-02-12T23:33:54","slug":"armstrong-lunes-12-de-carnaval","status":"publish","type":"post","link":"https:\/\/armstrongyregion.com.ar\/diario\/armstrong-lunes-12-de-carnaval\/","title":{"rendered":"Armstrong. Lunes 12 de carnaval!"},"content":{"rendered":"\n<figure class=\"wp-block-image size-full\"><a href=\"http:\/\/armstrongyregion.com.ar\/diario\/wp-content\/uploads\/2024\/02\/lunes_carnaval.jpg\"><img loading=\"lazy\" decoding=\"async\" width=\"320\" height=\"320\" src=\"http:\/\/armstrongyregion.com.ar\/diario\/wp-content\/uploads\/2024\/02\/lunes_carnaval.jpg\" alt=\"\" class=\"wp-image-41707\" srcset=\"https:\/\/armstrongyregion.com.ar\/diario\/wp-content\/uploads\/2024\/02\/lunes_carnaval.jpg 320w, https:\/\/armstrongyregion.com.ar\/diario\/wp-content\/uploads\/2024\/02\/lunes_carnaval-300x300.jpg 300w, https:\/\/armstrongyregion.com.ar\/diario\/wp-content\/uploads\/2024\/02\/lunes_carnaval-150x150.jpg 150w\" sizes=\"auto, (max-width: 320px) 100vw, 320px\" \/><\/a><\/figure>\n\n\n\n<figure class=\"wp-block-table\"><table><tbody><tr><td><strong>La Municipalidad de Armstrong invita a vivir una noche de carnaval en pleno coraz\u00f3n de la ciudad, ser\u00e1 el lunes 12 de febrero a partir de las 20:30 hs. calle Rold\u00e1n.<\/strong><\/td><\/tr><\/tbody><\/table><\/figure>\n\n\n\n<figure class=\"wp-block-table\"><table><tbody><tr><td>Se suman a esta propuesta Restobar La Romana y Mondo Di Cromo quienes ofrecer\u00e1n al p\u00fablico una excelente gastronom\u00eda y m\u00fasica con bandas en vivo.Se presentar\u00e1n Los Rurales, Vinilo (covers de rock nacional cl\u00e1sico), Stai Bene, pole dance con Sol Ferro y Kevin Boggino y su banda.Sumate con tu familia y amigos para vivir una noche de carnaval con mucha alegr\u00eda y m\u00fasica.<\/td><\/tr><\/tbody><\/table><\/figure>\n","protected":false},"excerpt":{"rendered":"<p>Armstrong. Lunes 12 de carnaval!<\/p>\n","protected":false},"author":1,"featured_media":41707,"comment_status":"open","ping_status":"open","sticky":false,"template":"","format":"image","meta":{"_jetpack_memberships_contains_paid_content":false,"footnotes":"","jetpack_publicize_message":"","jetpack_publicize_feature_enabled":true,"jetpack_social_post_already_shared":true,"jetpack_social_options":{"image_generator_settings":{"template":"highway","default_image_id":0,"enabled":false},"version":2}},"categories":[8,1,2,7,3],"tags":[20,8983,19,8777,539,388],"class_list":["post-41706","post","type-post","status-publish","format-image","has-post-thumbnail","hentry","category-deliberando","category-diario-armstrong","category-locales","category-politica","category-region","tag-armstrong","tag-carnaval-2","tag-de","tag-lic-graciela-de-la-casa","tag-lunes","tag-region-2","post_format-post-format-image"],"jetpack_publicize_connections":[],"jetpack_featured_media_url":"https:\/\/armstrongyregion.com.ar\/diario\/wp-content\/uploads\/2024\/02\/lunes_carnaval.jpg","jetpack_shortlink":"https:\/\/wp.me\/p62QDO-aQG","jetpack_sharing_enabled":true,"amp_enabled":true,"_links":{"self":[{"href":"https:\/\/armstrongyregion.com.ar\/diario\/wp-json\/wp\/v2\/posts\/41706","targetHints":{"allow":["GET"]}}],"collection":[{"href":"https:\/\/armstrongyregion.com.ar\/diario\/wp-json\/wp\/v2\/posts"}],"about":[{"href":"https:\/\/armstrongyregion.com.ar\/diario\/wp-json\/wp\/v2\/types\/post"}],"author":[{"embeddable":true,"href":"https:\/\/armstrongyregion.com.ar\/diario\/wp-json\/wp\/v2\/users\/1"}],"replies":[{"embeddable":true,"href":"https:\/\/armstrongyregion.com.ar\/diario\/wp-json\/wp\/v2\/comments?post=41706"}],"version-history":[{"count":2,"href":"https:\/\/armstrongyregion.com.ar\/diario\/wp-json\/wp\/v2\/posts\/41706\/revisions"}],"predecessor-version":[{"id":41709,"href":"https:\/\/armstrongyregion.com.ar\/diario\/wp-json\/wp\/v2\/posts\/41706\/revisions\/41709"}],"wp:featuredmedia":[{"embeddable":true,"href":"https:\/\/armstrongyregion.com.ar\/diario\/wp-json\/wp\/v2\/media\/41707"}],"wp:attachment":[{"href":"https:\/\/armstrongyregion.com.ar\/diario\/wp-json\/wp\/v2\/media?parent=41706"}],"wp:term":[{"taxonomy":"category","embeddable":true,"href":"https:\/\/armstrongyregion.com.ar\/diario\/wp-json\/wp\/v2\/categories?post=41706"},{"taxonomy":"post_tag","embeddable":true,"href":"https:\/\/armstrongyregion.com.ar\/diario\/wp-json\/wp\/v2\/tags?post=41706"}],"curies":[{"name":"wp","href":"https:\/\/api.w.org\/{rel}","templated":true}]}}