{"id":4170,"date":"2015-09-21T15:48:17","date_gmt":"2015-09-21T15:48:17","guid":{"rendered":"https:\/\/armstrongyregion.com.ar\/diario\/?p=4170"},"modified":"2015-09-21T15:48:17","modified_gmt":"2015-09-21T15:48:17","slug":"diego-mansilla-destaco-la-inversion-del-gobierno-nacional-en-la-planta-de-fecofe-en-armstrong","status":"publish","type":"post","link":"https:\/\/armstrongyregion.com.ar\/diario\/diego-mansilla-destaco-la-inversion-del-gobierno-nacional-en-la-planta-de-fecofe-en-armstrong\/","title":{"rendered":"Diego Mansilla destac\u00f3 la inversi\u00f3n del gobierno nacional en la planta de Fecof\u00e9 en Armstrong."},"content":{"rendered":"<p><a href=\"http:\/\/armstrongyregion.com.ar\/diario\/wp-content\/uploads\/2015\/09\/diego-mansilla-marcos-cleri-y-omar-perotti-en-armstrong-1.jpg\"><img loading=\"lazy\" decoding=\"async\" class=\"alignnone size-medium wp-image-4171\" src=\"http:\/\/armstrongyregion.com.ar\/diario\/wp-content\/uploads\/2015\/09\/diego-mansilla-marcos-cleri-y-omar-perotti-en-armstrong-1-300x184.jpg\" alt=\"diego mansilla, marcos cleri y omar perotti en armstrong (1)\" width=\"300\" height=\"184\" srcset=\"https:\/\/armstrongyregion.com.ar\/diario\/wp-content\/uploads\/2015\/09\/diego-mansilla-marcos-cleri-y-omar-perotti-en-armstrong-1-300x184.jpg 300w, https:\/\/armstrongyregion.com.ar\/diario\/wp-content\/uploads\/2015\/09\/diego-mansilla-marcos-cleri-y-omar-perotti-en-armstrong-1.jpg 1024w\" sizes=\"auto, (max-width: 300px) 100vw, 300px\" \/><\/a>\u201cSon 25 millones de pesos m\u00e1s para seguir industrializando, creciendo, generando empleo\u201d<\/p>\n<p>\u201cEst\u00e1n los que hablan y hablan, prometen y prometen, pero no hacen nada. Y estamos los que formamos parte de un proyecto nacional que viene dando pasos reales y concretos para que las econom\u00edas regionales crezcan agregando valor, como esta inversi\u00f3n de 25 millones de pesos para este emprendimiento en Armstrong\u201d, dijo Diego Mansilla, al referirse a la reciente inauguraci\u00f3n de la Planta Industrializadora de Legumbres y otros Granos Especiales de Fecof\u00e9, que encabezara v\u00eda teleconferencia la presidenta Cristina Fern\u00e1ndez de Kirchner.<br \/>\n\u201cEsta planta en la que en total se invirtieron 34 millones de pesos beneficia a los productores, genera m\u00e1s empleo directo e indirecto y fortalece la econom\u00eda regional, que a la vez aporta m\u00e1s a la continuidad de un desarrollo nacional inclusivo, para todos\u201d, remarc\u00f3 el intendente de Las Parejas y candidato al Parlasur por el FPV santafesino. \u201cEstos logros son posibles porque hay una decisi\u00f3n de la Presidenta de privilegiar las necesidades y anhelos del conjunto por sobre las presiones de quienes siembran mentiras y rencores; y este es el camino que proponemos continuar en los pr\u00f3ximos a\u00f1os\u201d, sostuvo Mansilla.<br \/>\n\u201cEn toda esta zona de la provincia el esfuerzo permanente de las comunidades para producir m\u00e1s, industrializar m\u00e1s, crecer m\u00e1s, ha tenido siempre el apoyo incondicional del gobierno nacional y de los dirigentes de nuestra provincia comprometidos con este proyecto como Marcos Cleri y Omar Perotti, con quienes ahora compartimos el orgullo y la responsabilidad de representar al Frente para la Victoria en estas elecciones\u201d, remarc\u00f3 el candidato al Parlamento del Mercosur.<\/p>\n","protected":false},"excerpt":{"rendered":"<p>\u201cSon 25 millones de pesos m\u00e1s para seguir industrializando, creciendo, generando empleo\u201d \u201cEst\u00e1n los que hablan y hablan, prometen y prometen, pero no hacen nada. Y estamos los que formamos parte de un proyecto nacional que viene dando pasos reales y concretos para que las econom\u00edas regionales crezcan agregando valor, como esta inversi\u00f3n de 25 <a href=\"https:\/\/armstrongyregion.com.ar\/diario\/diego-mansilla-destaco-la-inversion-del-gobierno-nacional-en-la-planta-de-fecofe-en-armstrong\/\" title=\"Read more\" >&#8230;<\/a><\/p>\n","protected":false},"author":2,"featured_media":4171,"comment_status":"open","ping_status":"open","sticky":false,"template":"","format":"standard","meta":{"_jetpack_memberships_contains_paid_content":false,"footnotes":"","jetpack_publicize_message":"","jetpack_publicize_feature_enabled":true,"jetpack_social_post_already_shared":false,"jetpack_social_options":{"image_generator_settings":{"template":"highway","default_image_id":0,"enabled":false},"version":2}},"categories":[1,2,7,3],"tags":[20,19,53,604,940,15,2782,38,2165,31,621,225],"class_list":["post-4170","post","type-post","status-publish","format-standard","has-post-thumbnail","hentry","category-diario-armstrong","category-locales","category-politica","category-region","tag-armstrong","tag-de","tag-del","tag-destaco","tag-diego-mansilla","tag-en","tag-fecofe","tag-gobierno","tag-inversion","tag-la","tag-nacional","tag-planta"],"jetpack_publicize_connections":[],"jetpack_featured_media_url":"https:\/\/armstrongyregion.com.ar\/diario\/wp-content\/uploads\/2015\/09\/diego-mansilla-marcos-cleri-y-omar-perotti-en-armstrong-1.jpg","jetpack_shortlink":"https:\/\/wp.me\/p62QDO-15g","jetpack_sharing_enabled":true,"amp_enabled":true,"_links":{"self":[{"href":"https:\/\/armstrongyregion.com.ar\/diario\/wp-json\/wp\/v2\/posts\/4170","targetHints":{"allow":["GET"]}}],"collection":[{"href":"https:\/\/armstrongyregion.com.ar\/diario\/wp-json\/wp\/v2\/posts"}],"about":[{"href":"https:\/\/armstrongyregion.com.ar\/diario\/wp-json\/wp\/v2\/types\/post"}],"author":[{"embeddable":true,"href":"https:\/\/armstrongyregion.com.ar\/diario\/wp-json\/wp\/v2\/users\/2"}],"replies":[{"embeddable":true,"href":"https:\/\/armstrongyregion.com.ar\/diario\/wp-json\/wp\/v2\/comments?post=4170"}],"version-history":[{"count":0,"href":"https:\/\/armstrongyregion.com.ar\/diario\/wp-json\/wp\/v2\/posts\/4170\/revisions"}],"wp:featuredmedia":[{"embeddable":true,"href":"https:\/\/armstrongyregion.com.ar\/diario\/wp-json\/wp\/v2\/media\/4171"}],"wp:attachment":[{"href":"https:\/\/armstrongyregion.com.ar\/diario\/wp-json\/wp\/v2\/media?parent=4170"}],"wp:term":[{"taxonomy":"category","embeddable":true,"href":"https:\/\/armstrongyregion.com.ar\/diario\/wp-json\/wp\/v2\/categories?post=4170"},{"taxonomy":"post_tag","embeddable":true,"href":"https:\/\/armstrongyregion.com.ar\/diario\/wp-json\/wp\/v2\/tags?post=4170"}],"curies":[{"name":"wp","href":"https:\/\/api.w.org\/{rel}","templated":true}]}}