{"id":41693,"date":"2024-02-09T22:08:29","date_gmt":"2024-02-09T22:08:29","guid":{"rendered":"https:\/\/armstrongyregion.com.ar\/diario\/?p=41693"},"modified":"2024-02-09T22:08:33","modified_gmt":"2024-02-09T22:08:33","slug":"clara-garcia-la-decision-de-eliminar-los-subsidios-nacionales-al-transporte-es-arbitraria-e-insensible-y-perjudica-a-la-gente","status":"publish","type":"post","link":"https:\/\/armstrongyregion.com.ar\/diario\/clara-garcia-la-decision-de-eliminar-los-subsidios-nacionales-al-transporte-es-arbitraria-e-insensible-y-perjudica-a-la-gente\/","title":{"rendered":"Clara Garc\u00eda: \u00abLa decisi\u00f3n de eliminar los subsidios nacionales al transporte es arbitraria e insensible, y perjudica a la gente\u00bb"},"content":{"rendered":"\n<figure class=\"wp-block-image size-full\"><a href=\"http:\/\/armstrongyregion.com.ar\/diario\/wp-content\/uploads\/2024\/02\/PHOTO-2024-02-09-10-55-06.jpg\"><img loading=\"lazy\" decoding=\"async\" width=\"800\" height=\"533\" src=\"http:\/\/armstrongyregion.com.ar\/diario\/wp-content\/uploads\/2024\/02\/PHOTO-2024-02-09-10-55-06.jpg\" alt=\"\" class=\"wp-image-41694\" srcset=\"https:\/\/armstrongyregion.com.ar\/diario\/wp-content\/uploads\/2024\/02\/PHOTO-2024-02-09-10-55-06.jpg 800w, https:\/\/armstrongyregion.com.ar\/diario\/wp-content\/uploads\/2024\/02\/PHOTO-2024-02-09-10-55-06-300x200.jpg 300w, https:\/\/armstrongyregion.com.ar\/diario\/wp-content\/uploads\/2024\/02\/PHOTO-2024-02-09-10-55-06-768x512.jpg 768w\" sizes=\"auto, (max-width: 800px) 100vw, 800px\" \/><\/a><\/figure>\n\n\n\n<p>Al t\u00e9rmino de la sesi\u00f3n de este jueves, la presidenta del cuerpo, Clara Garc\u00eda, mostr\u00f3 su preocupaci\u00f3n por la medida anunciada por el gobierno, y asegur\u00f3 que impactar\u00e1 en los sectores m\u00e1s humildes y de trabajadores. <\/p>\n\n\n\n<p>Tambi\u00e9n se refiri\u00f3 a la media sanci\u00f3n del proyecto para establecer los juicios por jurados en Santa Fe._ Tras una nueva sesi\u00f3n del per\u00edodo extraordinario 2024, la presidenta de la C\u00e1mara de Diputadas y Diputados, Clara Garc\u00eda, destac\u00f3 que \u201ceste a\u00f1o se inici\u00f3 con tanta actividad legislativa como termin\u00f3 2023\u201d y puso de relieve la preocupaci\u00f3n por el anuncio de la quita de subsidios nacionales al transporte p\u00fablico de pasajeros, y la media sanci\u00f3n del proyecto que instala el juicio por jurados en la provincia. <\/p>\n\n\n\n<p>En el marco de una conferencia de prensa, conden\u00f3 \u201cla decisi\u00f3n intempestiva\u201d del gobierno nacional de interrumpir los subsidios al transporte p\u00fablico de pasajeros eliminando el Fondo Compensador del Interior. Estos recursos llegaban a las empresas prestadoras de servicios de todo el pa\u00eds por fuera del AMBA.<\/p>\n\n\n\n<p> \u201cNo perjudica a la persona del gobernador sino a la gente porque hoy el boleto cuesta 340 pesos en Rosario y 380 en Santa Fe, pero el costo real de cada pasaje oscila entre 700 y 1.000 pesos seg\u00fan la ciudad. Esta decisi\u00f3n, autoritaria e insensible, golpea de manera directa el bolsillo de los sectores medios y bajos\u201d, cuestion\u00f3. De paso, la legisladora record\u00f3 que los fondos que se destinan al transporte p\u00fablico \u201csurgen en buena medida del impuesto al gasoil, que se consume en todo el pa\u00eds. <\/p>\n\n\n\n<p>En ese sentido Santa Fe, siendo una de las provincias m\u00e1s productivas, es una de las que m\u00e1s aporta para que las tarifas no sean tan elevadas. Es decir \u2013insisti\u00f3-, que no son s\u00f3lo recursos del Tesoro nacional, sino que es el interior del pa\u00eds que aporta recursos para que luego se distribuyan a trav\u00e9s de subsidios\u201d. \u201cHace 20 a\u00f1os \u2013record\u00f3 Garc\u00eda- ese fondo era solo para el AMBA y en aquel momento Miguel Lifschitz, como intendente de Rosario, reclam\u00f3 junto a otros mandatarios que se federalice. Se logr\u00f3, pero nunca de manera equitativa porque la mayor parte de los recursos sigue quedando en el AMBA\u201d, agreg\u00f3.<\/p>\n\n\n\n<p> \u201cPedimos al presidente que da marcha atr\u00e1s con esta decisi\u00f3n tan perjudicial, que act\u00fae con prudencia, planifique las acciones para superar esta crisis, convoque al di\u00e1logo, y prevea que los esfuerzos que estamos haciendo como sociedad sirvan para tenderle la mano a quienes peor la est\u00e1n pasando\u201d, concluy\u00f3 al respecto. <\/p>\n\n\n\n<p><strong>*\u201cLOS JUICIOS POR JURADOS INCORPORAN LA MIRADA CIUDADANA\u201d* <\/strong><\/p>\n\n\n\n<p>Por otra parte, Garc\u00eda se refiri\u00f3 a la media sanci\u00f3n del proyecto enviado por el Poder Ejecutivo para instaurar los juicios por jurados en Santa Fe. \u201cSe trata de incorporar la mirada de las ciudadanas y ciudadanos junto con la de los expertos del derecho cuando se juzguen determinados delitos, lo que nos va a permitir tener mejores resultados judiciales\u201d, celebr\u00f3. <\/p>\n\n\n\n<p>La presidenta de la C\u00e1mara Baja record\u00f3 que el gobernador Maximiliano Pullaro envi\u00f3 un conjunto de temas para su tratamiento en extraordinarias, \u201cque tienen que ver con emergencias en distintas \u00e1reas, cuestiones econ\u00f3micas y el tema seguridad, dentro del cual hay un cap\u00edtulo muy importante que es la justicia, una pata indispensable para que no haya impunidad y pacificar los territorios. Hoy uno aprobamos uno de los proyectos fundamentales\u201d, remarc\u00f3 sobre la iniciativa que pas\u00f3 al Senado provincial para su tratamiento. <\/p>\n\n\n\n<p>El nuevo tipo de juicio se estableci\u00f3 para causas penales. La conformaci\u00f3n del jurado popular ser\u00e1 obligatoria para una serie de delitos graves. El jurado se integrar\u00e1 con 12 miembros titulares \u2013seis hombres y seis mujeres- y 2 suplentes, que ser\u00e1n sorteados y recibir\u00e1n una paga de medio jus (unidad de medida arancelaria para fijar honorarios) diario. <\/p>\n\n\n\n<p>La figura est\u00e1 contemplada en la Constituci\u00f3n desde 1853, y fue ratificada en la reforma de 1994. En la Argentina, m\u00e1s de 10 provincias han implementado la modalidad.<\/p>\n\n\n\n<figure class=\"wp-block-table\"><table><tbody><tr><td><img decoding=\"async\" src=\"https:\/\/lh3.googleusercontent.com\/a\/ACg8ocJzJypPm33t025NP5b4jg0cfuSFfyJVXoiHkO9AMDhzJg=s40-p\"><\/td><td>ResponderReenviarAgregar reacci\u00f3n<\/td><\/tr><\/tbody><\/table><\/figure>\n","protected":false},"excerpt":{"rendered":"<p>Clara Garc\u00eda: \u00abLa decisi\u00f3n de eliminar los subsidios nacionales al transporte es arbitraria e insensible, y perjudica a la gente\u00bb <\/p>\n","protected":false},"author":1,"featured_media":41694,"comment_status":"open","ping_status":"open","sticky":false,"template":"","format":"image","meta":{"_jetpack_memberships_contains_paid_content":false,"footnotes":"","jetpack_publicize_message":"","jetpack_publicize_feature_enabled":true,"jetpack_social_post_already_shared":true,"jetpack_social_options":{"image_generator_settings":{"template":"highway","default_image_id":0,"enabled":false},"version":2}},"categories":[8,1,2,7,3],"tags":[10297,9196,19,10295,10296,139,10299,31,8777,324],"class_list":["post-41693","post","type-post","status-publish","format-image","has-post-thumbnail","hentry","category-deliberando","category-diario-armstrong","category-locales","category-politica","category-region","tag-arbitraria","tag-clara-garcia","tag-de","tag-decision","tag-eliminar","tag-es","tag-insensible","tag-la","tag-lic-graciela-de-la-casa","tag-subsidios","post_format-post-format-image"],"jetpack_publicize_connections":[],"jetpack_featured_media_url":"https:\/\/armstrongyregion.com.ar\/diario\/wp-content\/uploads\/2024\/02\/PHOTO-2024-02-09-10-55-06.jpg","jetpack_shortlink":"https:\/\/wp.me\/p62QDO-aQt","jetpack_sharing_enabled":true,"amp_enabled":true,"_links":{"self":[{"href":"https:\/\/armstrongyregion.com.ar\/diario\/wp-json\/wp\/v2\/posts\/41693","targetHints":{"allow":["GET"]}}],"collection":[{"href":"https:\/\/armstrongyregion.com.ar\/diario\/wp-json\/wp\/v2\/posts"}],"about":[{"href":"https:\/\/armstrongyregion.com.ar\/diario\/wp-json\/wp\/v2\/types\/post"}],"author":[{"embeddable":true,"href":"https:\/\/armstrongyregion.com.ar\/diario\/wp-json\/wp\/v2\/users\/1"}],"replies":[{"embeddable":true,"href":"https:\/\/armstrongyregion.com.ar\/diario\/wp-json\/wp\/v2\/comments?post=41693"}],"version-history":[{"count":1,"href":"https:\/\/armstrongyregion.com.ar\/diario\/wp-json\/wp\/v2\/posts\/41693\/revisions"}],"predecessor-version":[{"id":41695,"href":"https:\/\/armstrongyregion.com.ar\/diario\/wp-json\/wp\/v2\/posts\/41693\/revisions\/41695"}],"wp:featuredmedia":[{"embeddable":true,"href":"https:\/\/armstrongyregion.com.ar\/diario\/wp-json\/wp\/v2\/media\/41694"}],"wp:attachment":[{"href":"https:\/\/armstrongyregion.com.ar\/diario\/wp-json\/wp\/v2\/media?parent=41693"}],"wp:term":[{"taxonomy":"category","embeddable":true,"href":"https:\/\/armstrongyregion.com.ar\/diario\/wp-json\/wp\/v2\/categories?post=41693"},{"taxonomy":"post_tag","embeddable":true,"href":"https:\/\/armstrongyregion.com.ar\/diario\/wp-json\/wp\/v2\/tags?post=41693"}],"curies":[{"name":"wp","href":"https:\/\/api.w.org\/{rel}","templated":true}]}}