{"id":41680,"date":"2024-02-08T21:22:51","date_gmt":"2024-02-08T21:22:51","guid":{"rendered":"https:\/\/armstrongyregion.com.ar\/diario\/?p=41680"},"modified":"2024-02-08T21:49:10","modified_gmt":"2024-02-08T21:49:10","slug":"pullaro-sobre-el-transporte-otra-vez-nos-dejan-solos","status":"publish","type":"post","link":"https:\/\/armstrongyregion.com.ar\/diario\/pullaro-sobre-el-transporte-otra-vez-nos-dejan-solos\/","title":{"rendered":"Pullaro sobre el transporte: \u201cOtra vez nos dejan solos\u00bb."},"content":{"rendered":"\n<figure class=\"wp-block-image size-full\"><a href=\"http:\/\/armstrongyregion.com.ar\/diario\/wp-content\/uploads\/2024\/02\/maxi-pullaro-8-2-24.jpg\"><img loading=\"lazy\" decoding=\"async\" width=\"800\" height=\"533\" src=\"http:\/\/armstrongyregion.com.ar\/diario\/wp-content\/uploads\/2024\/02\/maxi-pullaro-8-2-24.jpg\" alt=\"\" class=\"wp-image-41681\" srcset=\"https:\/\/armstrongyregion.com.ar\/diario\/wp-content\/uploads\/2024\/02\/maxi-pullaro-8-2-24.jpg 800w, https:\/\/armstrongyregion.com.ar\/diario\/wp-content\/uploads\/2024\/02\/maxi-pullaro-8-2-24-300x200.jpg 300w, https:\/\/armstrongyregion.com.ar\/diario\/wp-content\/uploads\/2024\/02\/maxi-pullaro-8-2-24-768x512.jpg 768w\" sizes=\"auto, (max-width: 800px) 100vw, 800px\" \/><\/a><\/figure>\n\n\n\n<h2 class=\"wp-block-heading\">El gobernador destac\u00f3 que \u201ca Santa Fe siempre la han discriminado\u201d, y ante la decisi\u00f3n de Naci\u00f3n de cortar el env\u00edo de fondos, sostuvo que \u201cnos vamos a arreglar, vamos a readecuar las tarifas y vamos a salir adelante. Como siempre, la provincia de Santa Fe sola le puso el pecho a los problemas\u201d.<\/h2>\n\n\n\n<figure class=\"wp-block-embed is-type-video is-provider-youtube wp-block-embed-youtube wp-embed-aspect-16-9 wp-has-aspect-ratio\"><div class=\"wp-block-embed__wrapper\">\n<iframe loading=\"lazy\" title=\"Pullaro sobre el transporte: \u201cOtra vez nos dejan solos\u201d Armstrong y Region Lic. Graciela De la Casa.\" width=\"800\" height=\"450\" src=\"https:\/\/www.youtube.com\/embed\/xxDxHwEJX-0?feature=oembed\" frameborder=\"0\" allow=\"accelerometer; autoplay; clipboard-write; encrypted-media; gyroscope; picture-in-picture; web-share\" allowfullscreen><\/iframe>\n<\/div><figcaption class=\"wp-element-caption\">Gobernador Maximiliano Pullaro.<\/figcaption><\/figure>\n\n\n\n<p>Ante el anuncio del Gobierno nacional de la eliminaci\u00f3n de los subsidios al transporte del interior del pa\u00eds, el gobernador Maximiliano Pullaro afirm\u00f3 que \u201ca la provincia de Santa Fe siempre la discriminaron. Ahora se le quitan 1500 millones de pesos por mes, que era una partecita de los subsidios que daba Naci\u00f3n para sostener los subsidios al transporte. Nunca cre\u00edmos que se iban a cortar los subsidios\u201d, se\u00f1al\u00f3 en declaraciones efectuadas en San Javier.<\/p>\n\n\n\n<p>El gobernador santafesino cuestion\u00f3 que \u201cotra vez nos dejan solos\u201d; y marc\u00f3: \u201cSiempre hay una discriminaci\u00f3n sobre Santa Fe en particular y sobre el interior de la Rep\u00fablica Argentina en materia de subsidios\u201d. En ese sentido, record\u00f3 que ya desde el gobierno anterior el 85% de los subsidios del transporte se destinaban al AMBA -Capital Federal y el conurbano-, \u201cy por eso tenemos la diferencia tan significativa e importante en el costo del boleto\u201d.<\/p>\n\n\n\n<p>Conocida la noticia del corte de env\u00edo de fondos, Pullaro sostuvo que \u201cnosotros vamos a mantener el subsidio que tiene la provincia de Santa Fe con el transporte, que es alrededor de 2.000 millones, y lo vamos a actualizar, porque claramente los costos de vida han aumentado en toda la provincia, pero no nos podemos hacer cargo de lo que Naci\u00f3n no manda, con una provincia que nos la han dejado con un d\u00e9ficit muy pero muy grande\u201d.<\/p>\n\n\n\n<p>De todas formas, el mandatario santafesino se\u00f1al\u00f3 que \u201cnos vamos a arreglar, vamos a discutir, vamos a readecuar las tarifas y vamos a salir adelante, como hizo siempre la provincia de Santa Fe, que sola le puso el pecho a los problemas\u201d.<\/p>\n\n\n\n<p>Por \u00faltimo, remarc\u00f3 que \u201clo que s\u00ed no vamos a permitir es que vengan avasallar o a meterse con el sistema productivo de la provincia de Santa Fe. No le vamos a permitir a ning\u00fan gobierno nacional que venga por m\u00e1s retenciones al campo y a la industria, porque eso atenta contra la generaci\u00f3n de empleo y contra el crecimiento econ\u00f3mico de muchas regiones de la Rep\u00fablica Argentina, pero principalmente de mi provincia de la provincia de Santa Fe\u201d.<\/p>\n","protected":false},"excerpt":{"rendered":"<p>Pullaro sobre el transporte: \u201cOtra vez nos dejan solos\u00bb.<\/p>\n","protected":false},"author":1,"featured_media":41681,"comment_status":"open","ping_status":"open","sticky":false,"template":"","format":"image","meta":{"_jetpack_memberships_contains_paid_content":false,"footnotes":"","jetpack_publicize_message":"","jetpack_publicize_feature_enabled":true,"jetpack_social_post_already_shared":true,"jetpack_social_options":{"image_generator_settings":{"template":"highway","default_image_id":0,"enabled":false},"version":2}},"categories":[8,1,2,7,3],"tags":[16,8777,2846,118,1090],"class_list":["post-41680","post","type-post","status-publish","format-image","has-post-thumbnail","hentry","category-deliberando","category-diario-armstrong","category-locales","category-politica","category-region","tag-el","tag-lic-graciela-de-la-casa","tag-pullaro","tag-sobre","tag-transporte","post_format-post-format-image"],"jetpack_publicize_connections":[],"jetpack_featured_media_url":"https:\/\/armstrongyregion.com.ar\/diario\/wp-content\/uploads\/2024\/02\/maxi-pullaro-8-2-24.jpg","jetpack_shortlink":"https:\/\/wp.me\/p62QDO-aQg","jetpack_sharing_enabled":true,"amp_enabled":true,"_links":{"self":[{"href":"https:\/\/armstrongyregion.com.ar\/diario\/wp-json\/wp\/v2\/posts\/41680","targetHints":{"allow":["GET"]}}],"collection":[{"href":"https:\/\/armstrongyregion.com.ar\/diario\/wp-json\/wp\/v2\/posts"}],"about":[{"href":"https:\/\/armstrongyregion.com.ar\/diario\/wp-json\/wp\/v2\/types\/post"}],"author":[{"embeddable":true,"href":"https:\/\/armstrongyregion.com.ar\/diario\/wp-json\/wp\/v2\/users\/1"}],"replies":[{"embeddable":true,"href":"https:\/\/armstrongyregion.com.ar\/diario\/wp-json\/wp\/v2\/comments?post=41680"}],"version-history":[{"count":2,"href":"https:\/\/armstrongyregion.com.ar\/diario\/wp-json\/wp\/v2\/posts\/41680\/revisions"}],"predecessor-version":[{"id":41684,"href":"https:\/\/armstrongyregion.com.ar\/diario\/wp-json\/wp\/v2\/posts\/41680\/revisions\/41684"}],"wp:featuredmedia":[{"embeddable":true,"href":"https:\/\/armstrongyregion.com.ar\/diario\/wp-json\/wp\/v2\/media\/41681"}],"wp:attachment":[{"href":"https:\/\/armstrongyregion.com.ar\/diario\/wp-json\/wp\/v2\/media?parent=41680"}],"wp:term":[{"taxonomy":"category","embeddable":true,"href":"https:\/\/armstrongyregion.com.ar\/diario\/wp-json\/wp\/v2\/categories?post=41680"},{"taxonomy":"post_tag","embeddable":true,"href":"https:\/\/armstrongyregion.com.ar\/diario\/wp-json\/wp\/v2\/tags?post=41680"}],"curies":[{"name":"wp","href":"https:\/\/api.w.org\/{rel}","templated":true}]}}