{"id":4167,"date":"2015-09-21T15:43:36","date_gmt":"2015-09-21T15:43:36","guid":{"rendered":"https:\/\/armstrongyregion.com.ar\/diario\/?p=4167"},"modified":"2015-09-21T15:43:36","modified_gmt":"2015-09-21T15:43:36","slug":"clerici-presente-en-la-inauguracion-de-la-sala-oncologica","status":"publish","type":"post","link":"https:\/\/armstrongyregion.com.ar\/diario\/clerici-presente-en-la-inauguracion-de-la-sala-oncologica\/","title":{"rendered":"Cl\u00e9rici presente en la inauguraci\u00f3n de la Sala Oncol\u00f3gica."},"content":{"rendered":"<p><a href=\"http:\/\/armstrongyregion.com.ar\/diario\/wp-content\/uploads\/2015\/09\/salaoncologica.jpg\"><img loading=\"lazy\" decoding=\"async\" class=\"alignnone size-medium wp-image-4168\" src=\"http:\/\/armstrongyregion.com.ar\/diario\/wp-content\/uploads\/2015\/09\/salaoncologica-300x200.jpg\" alt=\"salaoncologica\" width=\"300\" height=\"200\" srcset=\"https:\/\/armstrongyregion.com.ar\/diario\/wp-content\/uploads\/2015\/09\/salaoncologica-300x200.jpg 300w, https:\/\/armstrongyregion.com.ar\/diario\/wp-content\/uploads\/2015\/09\/salaoncologica.jpg 960w\" sizes=\"auto, (max-width: 300px) 100vw, 300px\" \/><\/a>Destac\u00f3 el trabajo de Lalcec que impuls\u00f3 esta iniciativa para la que el municipio aport\u00f3 dos valiosos sillones oncol\u00f3gicos. En el acto volvi\u00f3 a<br \/>\ninsistir en la concreci\u00f3n del acueducto que traiga agua sin ars\u00e9nico a la ciudad.<\/p>\n<p>En la ma\u00f1ana de hoy con la presencia de la intendenta Stella Cl\u00e9rici y el gobernador provincial Antonio Bonfatti qued\u00f3 inaugurada la Sala<br \/>\nOncol\u00f3gica en el Hospital San Jos\u00e9, impulsada desde la delegaci\u00f3n local de la Liga Argentina de Lucha Contra El Cancer.<br \/>\nPara la misma el municipio aport\u00f3 dos importantes sillones para la atenci\u00f3n oncol\u00f3gica.\u201cEstamos muy contentos de compartir este momento que<br \/>\nes fruto del trabajo conjunto y permitir\u00e1 atender no solo a la comunidad ca\u00f1adense sino a toda la regi\u00f3n\u201d, expres\u00f3 Cl\u00e9rici quien adem\u00e1s reiter\u00f3<br \/>\nal gobernador el pedido de concreci\u00f3n del acueducto que traiga a nuestra ciudad agua sin ars\u00e9nico. \u201cAcompa\u00f1ando la importante de tener la Sala<br \/>\nOncol\u00f3gica insistimos en la necesidad de una fecha concreta para el acueducto que permita a los ca\u00f1adenses tener agua sin ars\u00e9nico\u201d,<br \/>\nmanifest\u00f3.<\/p>\n","protected":false},"excerpt":{"rendered":"<p>Destac\u00f3 el trabajo de Lalcec que impuls\u00f3 esta iniciativa para la que el municipio aport\u00f3 dos valiosos sillones oncol\u00f3gicos. En el acto volvi\u00f3 a insistir en la concreci\u00f3n del acueducto que traiga agua sin ars\u00e9nico a la ciudad. En la ma\u00f1ana de hoy con la presencia de la intendenta Stella Cl\u00e9rici y el gobernador provincial <a href=\"https:\/\/armstrongyregion.com.ar\/diario\/clerici-presente-en-la-inauguracion-de-la-sala-oncologica\/\" title=\"Read more\" >&#8230;<\/a><\/p>\n","protected":false},"author":2,"featured_media":4168,"comment_status":"open","ping_status":"open","sticky":false,"template":"","format":"standard","meta":{"_jetpack_memberships_contains_paid_content":false,"footnotes":"","jetpack_publicize_message":"","jetpack_publicize_feature_enabled":true,"jetpack_social_post_already_shared":false,"jetpack_social_options":{"image_generator_settings":{"template":"highway","default_image_id":0,"enabled":false},"version":2}},"categories":[1,4,3],"tags":[83,19,15,224,31,2781,556,773],"class_list":["post-4167","post","type-post","status-publish","format-standard","has-post-thumbnail","hentry","category-diario-armstrong","category-prevencion-salud","category-region","tag-clerici","tag-de","tag-en","tag-inauguracion","tag-la","tag-oncologica","tag-presente","tag-sala"],"jetpack_publicize_connections":[],"jetpack_featured_media_url":"https:\/\/armstrongyregion.com.ar\/diario\/wp-content\/uploads\/2015\/09\/salaoncologica.jpg","jetpack_shortlink":"https:\/\/wp.me\/p62QDO-15d","jetpack_sharing_enabled":true,"amp_enabled":true,"_links":{"self":[{"href":"https:\/\/armstrongyregion.com.ar\/diario\/wp-json\/wp\/v2\/posts\/4167","targetHints":{"allow":["GET"]}}],"collection":[{"href":"https:\/\/armstrongyregion.com.ar\/diario\/wp-json\/wp\/v2\/posts"}],"about":[{"href":"https:\/\/armstrongyregion.com.ar\/diario\/wp-json\/wp\/v2\/types\/post"}],"author":[{"embeddable":true,"href":"https:\/\/armstrongyregion.com.ar\/diario\/wp-json\/wp\/v2\/users\/2"}],"replies":[{"embeddable":true,"href":"https:\/\/armstrongyregion.com.ar\/diario\/wp-json\/wp\/v2\/comments?post=4167"}],"version-history":[{"count":0,"href":"https:\/\/armstrongyregion.com.ar\/diario\/wp-json\/wp\/v2\/posts\/4167\/revisions"}],"wp:featuredmedia":[{"embeddable":true,"href":"https:\/\/armstrongyregion.com.ar\/diario\/wp-json\/wp\/v2\/media\/4168"}],"wp:attachment":[{"href":"https:\/\/armstrongyregion.com.ar\/diario\/wp-json\/wp\/v2\/media?parent=4167"}],"wp:term":[{"taxonomy":"category","embeddable":true,"href":"https:\/\/armstrongyregion.com.ar\/diario\/wp-json\/wp\/v2\/categories?post=4167"},{"taxonomy":"post_tag","embeddable":true,"href":"https:\/\/armstrongyregion.com.ar\/diario\/wp-json\/wp\/v2\/tags?post=4167"}],"curies":[{"name":"wp","href":"https:\/\/api.w.org\/{rel}","templated":true}]}}